{"id":1210,"date":"2019-08-18T10:34:00","date_gmt":"2019-08-18T08:34:00","guid":{"rendered":"http:\/\/nordost.altesitte.info\/?p=1210"},"modified":"2019-08-18T14:48:22","modified_gmt":"2019-08-18T12:48:22","slug":"sei-willkommen-auf-midgard-die-kindsweihe","status":"publish","type":"post","link":"http:\/\/nordost.altesitte.info\/?p=1210","title":{"rendered":"Sei willkommen auf Midgard&#8230; die Kindsweihe"},"content":{"rendered":"\n<blockquote class=\"wp-block-quote\"><p>Liebes Kind, sei willkommen auf Midgard.<br>Lange Zeit haben deine Eltern auf deine Ankunft gewartet.<br>Dich geh\u00f6rt und gef\u00fchlt. Sei willkommen in unserer Mitte.<\/p><p>Liebes Kind, sei willkommen auf Midgard.<br>Der Segen der G\u00f6tter begleite Dich auf Deinem Weg.<br>M\u00f6ge Dir Gutes begegnen. Sei willkommen in unserer Mitte.<\/p><p>Liebes Kind, sei willkommen auf Midgard.<br>M\u00f6gest Du St\u00e4rke und Sanftmut in Dir vereinen.<br>Gehe deinen Lebensweg. Sei willkommen in unserer Mitte.<\/p><p>Liebes Kind, liebe Eltern.<br>Euer Leben wird nun ein anderes sein. Ihr seid eine Familie und zu dem herangewachsen, was nicht nur Wurzel ist, sondern noch viel mehr:  Ihr seid Teil in der unendlichen Kette eurer Ahnen.<\/p><\/blockquote>\n\n\n\n<div class=\"wp-block-image\"><figure class=\"aligncenter is-resized\"><img decoding=\"async\" loading=\"lazy\" src=\"http:\/\/nordost.altesitte.info\/wp-content\/uploads\/2019\/08\/IMG-20190721-WA0002-Kopie.png\" alt=\"\" class=\"wp-image-1206\" width=\"400\" height=\"267\" srcset=\"http:\/\/nordost.altesitte.info\/wp-content\/uploads\/2019\/08\/IMG-20190721-WA0002-Kopie.png 800w, http:\/\/nordost.altesitte.info\/wp-content\/uploads\/2019\/08\/IMG-20190721-WA0002-Kopie-500x333.png 500w, http:\/\/nordost.altesitte.info\/wp-content\/uploads\/2019\/08\/IMG-20190721-WA0002-Kopie-768x512.png 768w, http:\/\/nordost.altesitte.info\/wp-content\/uploads\/2019\/08\/IMG-20190721-WA0002-Kopie-624x416.png 624w\" sizes=\"(max-width: 400px) 100vw, 400px\" \/><figcaption>Kindsweihe: Wasserweihe und Namensgebung<\/figcaption><\/figure><\/div>\n\n\n\n<p>Vor wenigen Wochen war es soweit; ein gro\u00dfes Ereignis stand an. Wenn nicht sogar das  Bedeutendste im Lebenskreis der noch recht jungen Familie. Denn es waren jene beiden, die sich 2017 im Rahmen der <a href=\"http:\/\/nordost.altesitte.info\/?p=521\">Eheleite<\/a> das Ja-Wort gaben &#8211; und nun kurze Zeit sp\u00e4ter folgte das junge Gl\u00fcck. Der Bund war geschlossen, der Grundstein gelegt, der mit der Geburt des ersten Kindes in einen neuen Kreis m\u00fcndet. Welch stolzer, aber auch tief emotionaler Moment. Nicht nur f\u00fcr die beiden, sondern besonders auch f\u00fcr das gesamte famili\u00e4re Umfeld. Ein neues Familienmitglied ist dazu gekommen und wird nun Teil in der unendlichen Kette der Ahnen. <\/p>\n\n\n\n<div class=\"wp-block-image\"><figure class=\"aligncenter is-resized\"><img decoding=\"async\" loading=\"lazy\" src=\"http:\/\/nordost.altesitte.info\/wp-content\/uploads\/2019\/08\/IMG-20190721-WA0000-Kopie.png\" alt=\"\" class=\"wp-image-1205\" width=\"506\" height=\"338\" srcset=\"http:\/\/nordost.altesitte.info\/wp-content\/uploads\/2019\/08\/IMG-20190721-WA0000-Kopie.png 675w, http:\/\/nordost.altesitte.info\/wp-content\/uploads\/2019\/08\/IMG-20190721-WA0000-Kopie-500x333.png 500w, http:\/\/nordost.altesitte.info\/wp-content\/uploads\/2019\/08\/IMG-20190721-WA0000-Kopie-624x416.png 624w\" sizes=\"(max-width: 506px) 100vw, 506px\" \/><\/figure><\/div>\n\n\n\n<blockquote class=\"wp-block-quote\"><p>Die Geburt eines Kindes&nbsp;ist von besonderer Heiligkeit. Welch ein Moment an der Schwelle des Lebens, ja welch ein Moment f\u00fcr beide Eltern, aber ganz besonders f\u00fcr Mutter und Kind. Denn gerade dieses unsichtbare Band kann der Vater nur erahnen. Eine unbeschreibliche Verbindung, die ein Leben lang\u2026 ja sogar dar\u00fcber hinaus besteht.<br>F\u00fcr die Sippe bedeutet es, da\u00df ein neues Glied in den Kreis tritt, die weit mehr umfa\u00dft als die sichtbaren Menschen. Lebende und Tote bilden den Kreis der Sippe. Und daher ist eine Geburt nicht der Grenzpunkt des individuellen Lebens, sondern ein heiliges Ereignis im Leben der Sippe. <\/p><cite><a href=\"http:\/\/www.asentr.eu\/kindsweihe.html\" target=\"_blank\" rel=\"noreferrer noopener\" aria-label=\"Asentr.eu - Die Kindsweihe (\u00f6ffnet in neuem Tab)\">Asentr.eu &#8211; Die Kindsweihe<\/a><\/cite><\/blockquote>\n\n\n\n<p>Ich pers\u00f6nlich finde es gro\u00dfartig, da\u00df es heute wieder Kinder gibt, die in der Tradition der Alten Sitte aufwachsen. Das klingt so einfach und ist so schnell dahergesagt&#8230; oder geschrieben. Aber so einfach ist das gar nicht. Denn es hei\u00dft auch, sich selber in einer Welt durchzusetzen, die in vielen Bereichen durchaus differente Erwartungen an uns stellt; sich also mit seinen ureigenen Vorstellungen in gesellschaftlichen und kulturellen Fragestellungen einzufinden und zu positionieren. Dies f\u00fcr sich selber zu tun ist das Eine, das Andere aber, nun als Familie zu agieren und die Verantwortung f\u00fcr das Kind zu tragen.<\/p>\n\n\n\n<p>Daher habe ich mich besonders gefreut, als ich nach der Eheleite um die Gestaltung und Ausf\u00fchrung der Kindsweihe gebeten wurde. Also machte ich mich mich zusammen mit meiner Familie auf den Weg. Auf einem alten Gutshof mit gro\u00dfem Garten und nat\u00fcrlicher Umgebung, wo die beiden wohnen, war ein Festzelt aufgebaut und alles vorbereitet. Viele G\u00e4ste waren bereits angekommen. Familie und Freunde kannte ich gr\u00f6\u00dftenteils noch von der Eheleite. Im hinteren Teil des Gartens hatte sich das Paar bereits eine Stelle ausgesucht, wo wir die Zeremonie durchf\u00fchren wollten. Im Kreise alter B\u00e4ume und einer beachtlichen Hasel war ein Bereich mit Haselst\u00e4ben abgesteckt. <\/p>\n\n\n\n<div class=\"wp-block-image\"><figure class=\"aligncenter is-resized\"><img decoding=\"async\" loading=\"lazy\" src=\"http:\/\/nordost.altesitte.info\/wp-content\/uploads\/2019\/08\/IMG-20190720-WA0033.png\" alt=\"\" class=\"wp-image-1204\" width=\"563\" height=\"750\" srcset=\"http:\/\/nordost.altesitte.info\/wp-content\/uploads\/2019\/08\/IMG-20190720-WA0033.png 750w, http:\/\/nordost.altesitte.info\/wp-content\/uploads\/2019\/08\/IMG-20190720-WA0033-375x500.png 375w, http:\/\/nordost.altesitte.info\/wp-content\/uploads\/2019\/08\/IMG-20190720-WA0033-624x832.png 624w\" sizes=\"(max-width: 563px) 100vw, 563px\" \/><figcaption>Der eingehaselte Kindsweihe-Stallr<\/figcaption><\/figure><\/div>\n\n\n\n<div class=\"wp-block-image\"><figure class=\"aligncenter is-resized\"><img decoding=\"async\" loading=\"lazy\" src=\"http:\/\/nordost.altesitte.info\/wp-content\/uploads\/2019\/08\/IMG-20190720-WA0029-768x1024.png\" alt=\"\" class=\"wp-image-1203\" width=\"576\" height=\"768\" srcset=\"http:\/\/nordost.altesitte.info\/wp-content\/uploads\/2019\/08\/IMG-20190720-WA0029-768x1024.png 768w, http:\/\/nordost.altesitte.info\/wp-content\/uploads\/2019\/08\/IMG-20190720-WA0029-375x500.png 375w, http:\/\/nordost.altesitte.info\/wp-content\/uploads\/2019\/08\/IMG-20190720-WA0029-624x832.png 624w, http:\/\/nordost.altesitte.info\/wp-content\/uploads\/2019\/08\/IMG-20190720-WA0029.png 900w\" sizes=\"(max-width: 576px) 100vw, 576px\" \/><figcaption>Familienleuchter, Hammer, Lebenskerze und Schale im inneren Kreis<\/figcaption><\/figure><\/div>\n\n\n\n<p>Im naturbelassenen Garten war ein Weg ins hohe Gras gem\u00e4ht, der direkt zu der Stelle f\u00fchrte. Vom Festzelt waren es etwa 50 Meter. Als ich das sah, war ich gleich begeistert und sagte, da\u00df das wie ein Prozessionsweg aussieht. Sowas ist nat\u00fcrlich perfekt, um sich zu Beginn vor dem Festzelt zu sammeln, um gemeinsam den kurzen Fu\u00dfweg zu genie\u00dfen, der einfach auch noch mal inneren Abstand und Vorbereitung bietet, auf das was da folgt. Also hob ich auf dem Vorplatz mein Rufhorn empor und setze das Zeichen, da\u00df es nun losgeht&#8230;<\/p>\n\n\n\n<div class=\"wp-block-image\"><figure class=\"aligncenter\"><img decoding=\"async\" src=\"http:\/\/www.asentr.eu\/images\/ritgegnst\/rufhorn.jpg\" alt=\"\"\/><figcaption>Es geht los&#8230; la\u00dft uns beginnen&#8230;<\/figcaption><\/figure><\/div>\n\n\n\n<p>Eine Kindsweihe ist die traditionelle Aufnahme des Kindes in die Familie. Dies ist verbunden mit der Wasserweihe und Namensgebung. Auch wenn es heute selbstverst\u00e4ndlich so ist, da\u00df der Name gleich zur Geburt vergeben wird, und die Kindsweihe dann erst sp\u00e4ter erfolgt, bleibt dies im Ritus erhalten. Fr\u00fcher wird es so gewesen sein, da\u00df das Ritual gleich nach der Geburt durchgef\u00fchrt wurde. In den Sagas findet sich ein Passus, der das gut darstellt: <\/p>\n\n\n\n<blockquote class=\"wp-block-quote\"><p><em>\u00de\u00f3ra \u00f3l barn um sumari\u00f0, og var \u00fea\u00f0 m\u00e6r; var h\u00fan vatni ausin og nafn gefi\u00f0 og h\u00e9t \u00c1sger\u00f0ur.<\/em> <\/p><p>Thora gebar Im Sommer ein Kind und es war ein M\u00e4dchen; sie wurde mit Wasser besprengt und Asgerdr genannt. <\/p><cite> Egils Saga Skalla-Grimssonar, <a href=\"http:\/\/www.asentr.eu\/kindsweihe.html#_Toc391763241\" target=\"_blank\" rel=\"noreferrer noopener\" aria-label=\"Asentr.eu Kindsweihe - Wasserweihe und Namensgebung (\u00f6ffnet in neuem Tab)\">Asentr.eu Kindsweihe &#8211; Wasserweihe und Namensgebung<\/a><\/cite><\/blockquote>\n\n\n\n<p>Der gesamte Ablauf sieht dann so aus:<\/p>\n\n\n\n<ol><li>Einhegung des Platzes <\/li><li>Begr\u00fc\u00dfung der Gemeinschaft<\/li><li>Anrufung<\/li><li>Entz\u00fcnden des Familienleuchters<\/li><li>Wasserweihe<\/li><li>Namensgebung<\/li><li>Treumundschaft (Paten)<\/li><li>Hornumtrunk (Kindsweihehorn mit Met)<\/li><li>\u00d6ffnen des Festkreises<br> Ausleitung | Signalhorn <\/li><\/ol>\n\n\n\n<div class=\"wp-block-image\"><figure class=\"aligncenter is-resized\"><img decoding=\"async\" loading=\"lazy\" src=\"http:\/\/nordost.altesitte.info\/wp-content\/uploads\/2019\/08\/IMG-20190721-WA0003-Kopie.png\" alt=\"\" class=\"wp-image-1207\" width=\"400\" height=\"267\" srcset=\"http:\/\/nordost.altesitte.info\/wp-content\/uploads\/2019\/08\/IMG-20190721-WA0003-Kopie.png 800w, http:\/\/nordost.altesitte.info\/wp-content\/uploads\/2019\/08\/IMG-20190721-WA0003-Kopie-500x333.png 500w, http:\/\/nordost.altesitte.info\/wp-content\/uploads\/2019\/08\/IMG-20190721-WA0003-Kopie-768x512.png 768w, http:\/\/nordost.altesitte.info\/wp-content\/uploads\/2019\/08\/IMG-20190721-WA0003-Kopie-624x416.png 624w\" sizes=\"(max-width: 400px) 100vw, 400px\" \/><\/figure><\/div>\n\n\n\n<p>Auf die einzelnen Details des ausgestalteten Rituals gehe ich an dieser Stelle nicht n\u00e4her ein. Wer hier mit dem Gedanken spielt, einen \u00e4hnlichen Weg zu beschreiten, kann gerne Kontakt zu mir aufnehmen. Ich helfe dann gern. Da ich hier mitsamt der dargestellten Fotos aber schon verh\u00e4ltnism\u00e4\u00dfig viel ver\u00f6ffentliche, ziehe ich dann ganz bewu\u00dft eine Linie und belasse es dabei, lediglich einige Eindr\u00fccke zu beschreiben. Die Fotos darf ich freundlicherweise mit der Einverst\u00e4ndnis des Paares in meinem Blog ver\u00f6ffentlichen und unterliegen selbstverst\u00e4ndlich dem <a rel=\"noreferrer noopener\" aria-label=\"Urheberrecht (\u00f6ffnet in neuem Tab)\" href=\"http:\/\/www.asentr.eu\/urheberrecht.html\" target=\"_blank\">Urheberrecht<\/a>.<\/p>\n\n\n\n<p>Auf der R\u00fcckfahrt nach Hause wurden wir dann noch mal mit einem sch\u00f6nen Naturschauspiel belohnt: Nachdem Thor mit seinem Wagen donnernd \u00fcber unsere K\u00f6pfe gezogen war, zeigte sich ein beeindruckendes Farbenspiel zwischen den Feldern und den dar\u00fcber eilenden Wolkenformationen&#8230;<\/p>\n\n\n\n<figure class=\"wp-block-image\"><img decoding=\"async\" loading=\"lazy\" width=\"1000\" height=\"641\" src=\"http:\/\/nordost.altesitte.info\/wp-content\/uploads\/2019\/08\/IMG-20190720-WA0017.png\" alt=\"\" class=\"wp-image-1201\" srcset=\"http:\/\/nordost.altesitte.info\/wp-content\/uploads\/2019\/08\/IMG-20190720-WA0017.png 1000w, http:\/\/nordost.altesitte.info\/wp-content\/uploads\/2019\/08\/IMG-20190720-WA0017-500x321.png 500w, http:\/\/nordost.altesitte.info\/wp-content\/uploads\/2019\/08\/IMG-20190720-WA0017-768x492.png 768w, http:\/\/nordost.altesitte.info\/wp-content\/uploads\/2019\/08\/IMG-20190720-WA0017-624x400.png 624w\" sizes=\"(max-width: 1000px) 100vw, 1000px\" \/><\/figure>\n\n\n\n<figure class=\"wp-block-image\"><img decoding=\"async\" loading=\"lazy\" width=\"763\" height=\"1000\" src=\"http:\/\/nordost.altesitte.info\/wp-content\/uploads\/2019\/08\/IMG-20190720-WA0019.png\" alt=\"\" class=\"wp-image-1202\" srcset=\"http:\/\/nordost.altesitte.info\/wp-content\/uploads\/2019\/08\/IMG-20190720-WA0019.png 763w, http:\/\/nordost.altesitte.info\/wp-content\/uploads\/2019\/08\/IMG-20190720-WA0019-382x500.png 382w, http:\/\/nordost.altesitte.info\/wp-content\/uploads\/2019\/08\/IMG-20190720-WA0019-624x818.png 624w\" sizes=\"(max-width: 763px) 100vw, 763px\" \/><\/figure>\n","protected":false},"excerpt":{"rendered":"<p>Liebes Kind, sei willkommen auf Midgard.Lange Zeit haben deine Eltern auf deine Ankunft gewartet.Dich geh\u00f6rt und gef\u00fchlt. Sei willkommen in unserer Mitte. Liebes Kind, sei willkommen auf Midgard.Der Segen der G\u00f6tter begleite Dich auf Deinem Weg.M\u00f6ge Dir Gutes begegnen. Sei willkommen in unserer Mitte. Liebes Kind, sei willkommen auf Midgard.M\u00f6gest Du St\u00e4rke und Sanftmut in [&hellip;]<\/p>\n","protected":false},"author":1,"featured_media":0,"comment_status":"open","ping_status":"open","sticky":false,"template":"","format":"standard","meta":[],"categories":[9,105,109],"tags":[164,202,201,198,197,199,200],"_links":{"self":[{"href":"http:\/\/nordost.altesitte.info\/index.php?rest_route=\/wp\/v2\/posts\/1210"}],"collection":[{"href":"http:\/\/nordost.altesitte.info\/index.php?rest_route=\/wp\/v2\/posts"}],"about":[{"href":"http:\/\/nordost.altesitte.info\/index.php?rest_route=\/wp\/v2\/types\/post"}],"author":[{"embeddable":true,"href":"http:\/\/nordost.altesitte.info\/index.php?rest_route=\/wp\/v2\/users\/1"}],"replies":[{"embeddable":true,"href":"http:\/\/nordost.altesitte.info\/index.php?rest_route=%2Fwp%2Fv2%2Fcomments&post=1210"}],"version-history":[{"count":18,"href":"http:\/\/nordost.altesitte.info\/index.php?rest_route=\/wp\/v2\/posts\/1210\/revisions"}],"predecessor-version":[{"id":1229,"href":"http:\/\/nordost.altesitte.info\/index.php?rest_route=\/wp\/v2\/posts\/1210\/revisions\/1229"}],"wp:attachment":[{"href":"http:\/\/nordost.altesitte.info\/index.php?rest_route=%2Fwp%2Fv2%2Fmedia&parent=1210"}],"wp:term":[{"taxonomy":"category","embeddable":true,"href":"http:\/\/nordost.altesitte.info\/index.php?rest_route=%2Fwp%2Fv2%2Fcategories&post=1210"},{"taxonomy":"post_tag","embeddable":true,"href":"http:\/\/nordost.altesitte.info\/index.php?rest_route=%2Fwp%2Fv2%2Ftags&post=1210"}],"curies":[{"name":"wp","href":"https:\/\/api.w.org\/{rel}","templated":true}]}}