{"id":303,"date":"2016-12-04T23:50:36","date_gmt":"2016-12-04T22:50:36","guid":{"rendered":"http:\/\/nordost.altesitte.info\/?p=303"},"modified":"2016-12-05T15:55:33","modified_gmt":"2016-12-05T14:55:33","slug":"hoergr-im-frost","status":"publish","type":"post","link":"http:\/\/nordost.altesitte.info\/?p=303","title":{"rendered":"H\u00f6rgr im Frost"},"content":{"rendered":"<p>\u201eHeute Nacht hat V\u00e4terchen Frost die Welt wieder verzaubert.\u201c Aufgeregt blickt unsere Tochter aus dem Fenster&#8230; und tats\u00e4chlich, das feuchte Wetter der letzten Tage hat sich \u00fcber Nacht in eine glitzernde Eislandschaft verwandelt. Besonders sch\u00f6n wirken die B\u00e4ume im Gegenlicht der aufgehenden Sonne. Ein Blick aufs Thermometer verr\u00e4t: Ja, V\u00e4terchen Frost hat mit -6\u00b0C alles fest im Griff.<\/p>\n<p>Nat\u00fcrlich auch den Steinaltar, der sich in der hinteren Ecke unseres Grundst\u00fccks in ein wei\u00dfes Winterkleid geh\u00fcllt hat. Von oben aus dem Haus gesehen eine perfekte Gelegenheit, um auf den Ausl\u00f6ser zu dr\u00fccken und die frostige Impression festzuhalten&#8230;<!--more--><\/p>\n<p><img decoding=\"async\" loading=\"lazy\" class=\"aligncenter size-medium wp-image-302\" src=\"http:\/\/nordost.altesitte.info\/wp-content\/uploads\/2016\/12\/IMG_7020-Kopie-500x403.jpg\" alt=\"H\u00f6rgr im Frost\" width=\"500\" height=\"403\" srcset=\"http:\/\/nordost.altesitte.info\/wp-content\/uploads\/2016\/12\/IMG_7020-Kopie-500x403.jpg 500w, http:\/\/nordost.altesitte.info\/wp-content\/uploads\/2016\/12\/IMG_7020-Kopie-768x619.jpg 768w, http:\/\/nordost.altesitte.info\/wp-content\/uploads\/2016\/12\/IMG_7020-Kopie-624x503.jpg 624w, http:\/\/nordost.altesitte.info\/wp-content\/uploads\/2016\/12\/IMG_7020-Kopie.jpg 900w\" sizes=\"(max-width: 500px) 100vw, 500px\" \/><\/p>\n<p>Was sieht man? Zun\u00e4chst eine Ansammlung von B\u00e4umen, haupts\u00e4chlich j\u00fcngere Eichen. In der Mitte eine gr\u00f6\u00dfere Wildkirsche. Dort befindet sich der H\u00f6rgr, der bisher ja nur auf einigen Nahaufnahmen zu sehen war. Einige weitere Pflanzen wie Wacholder, Holunder, Eibe und Hasel sind noch recht klein und auf dem Bild kaum erkennbar. In den Sommermonaten zieren Farne den Bewuchs. Um die gesamte St\u00e4tte zieht sich ein kreisrunder Wall, wild bewachsen und mit Feldsteinen versehen. Mit insgesamt 12 Metern im Durchmesser eine gute Gr\u00f6\u00dfe.<\/p>\n<p>Der bisher noch etwas unansehnliche Metallbogen wird sich hoffentlich bald in ein Efeu umranktes Eingangstor verwandeln. Rundherum einige Meter entfernt sind Tannen gepflanzt, welche den ganzen Bereich \u00fcber kurz oder lang einrahmen. Mein Wunsch dabei ist, dass eine abgeschiedene Stelle entsteht, zu der ein Weg durch eine Art kleines W\u00e4ldchen f\u00fchrt. Vor dem Eingangsbogen sind dar\u00fcber hinaus Rosen gepflanzt. Um diesen Pfad im D\u00e4mmerlicht etwas zu erhellen, sind in sicherem Abstand davor zwei etwa Unterteller gro\u00dfe Feuerschalen geplant, die auf einen Unterbau aus aufgemauerten Feldsteinen kommen. Durch die Bodenfeuchte im Schutz der B\u00e4ume wachsen Moose, die sich auf den Steinen ausbreiten sollen. So zumindest meine Vorstellung f\u00fcr die kommenden Jahre. Ich bin da guter Dinge\u2026<\/p>\n","protected":false},"excerpt":{"rendered":"<p>\u201eHeute Nacht hat V\u00e4terchen Frost die Welt wieder verzaubert.\u201c Aufgeregt blickt unsere Tochter aus dem Fenster&#8230; und tats\u00e4chlich, das feuchte Wetter der letzten Tage hat sich \u00fcber Nacht in eine glitzernde Eislandschaft verwandelt. Besonders sch\u00f6n wirken die B\u00e4ume im Gegenlicht der aufgehenden Sonne. Ein Blick aufs Thermometer verr\u00e4t: Ja, V\u00e4terchen Frost hat mit -6\u00b0C alles [&hellip;]<\/p>\n","protected":false},"author":1,"featured_media":0,"comment_status":"open","ping_status":"open","sticky":false,"template":"","format":"standard","meta":[],"categories":[6,7,45],"tags":[59,60],"_links":{"self":[{"href":"http:\/\/nordost.altesitte.info\/index.php?rest_route=\/wp\/v2\/posts\/303"}],"collection":[{"href":"http:\/\/nordost.altesitte.info\/index.php?rest_route=\/wp\/v2\/posts"}],"about":[{"href":"http:\/\/nordost.altesitte.info\/index.php?rest_route=\/wp\/v2\/types\/post"}],"author":[{"embeddable":true,"href":"http:\/\/nordost.altesitte.info\/index.php?rest_route=\/wp\/v2\/users\/1"}],"replies":[{"embeddable":true,"href":"http:\/\/nordost.altesitte.info\/index.php?rest_route=%2Fwp%2Fv2%2Fcomments&post=303"}],"version-history":[{"count":2,"href":"http:\/\/nordost.altesitte.info\/index.php?rest_route=\/wp\/v2\/posts\/303\/revisions"}],"predecessor-version":[{"id":305,"href":"http:\/\/nordost.altesitte.info\/index.php?rest_route=\/wp\/v2\/posts\/303\/revisions\/305"}],"wp:attachment":[{"href":"http:\/\/nordost.altesitte.info\/index.php?rest_route=%2Fwp%2Fv2%2Fmedia&parent=303"}],"wp:term":[{"taxonomy":"category","embeddable":true,"href":"http:\/\/nordost.altesitte.info\/index.php?rest_route=%2Fwp%2Fv2%2Fcategories&post=303"},{"taxonomy":"post_tag","embeddable":true,"href":"http:\/\/nordost.altesitte.info\/index.php?rest_route=%2Fwp%2Fv2%2Ftags&post=303"}],"curies":[{"name":"wp","href":"https:\/\/api.w.org\/{rel}","templated":true}]}}