{"id":321,"date":"2016-12-15T18:58:19","date_gmt":"2016-12-15T17:58:19","guid":{"rendered":"http:\/\/nordost.altesitte.info\/?p=321"},"modified":"2016-12-15T11:05:51","modified_gmt":"2016-12-15T10:05:51","slug":"literaturtipp-fuer-die-rauhnaechte","status":"publish","type":"post","link":"http:\/\/nordost.altesitte.info\/?p=321","title":{"rendered":"Literaturtipp f\u00fcr die Rauhn\u00e4chte"},"content":{"rendered":"<p>Auch wenn V\u00e4terchen Frost bereits erste Spuren hinterlassen hat, so steckt der Winter eigentlich noch in seinen Kinderschuhen.\u00a0 Julfest und Rauhn\u00e4chte stehen noch bevor. Gibt es einen besseren Zeitpunkt f\u00fcr einen Streifzug durch das Thema Wilde Jagd und W\u00fctendes Heer? Nein, sowas liest sich nicht gut im Fr\u00fchling und im Sommer schon gar nicht. Das w\u00e4re wie hei\u00dfer Met unterm Sonnenschirm. Ein Buch \u00fcber die Wilde Jagd ist ein Winterbuch, das zu den Rauhn\u00e4chten passt: <em>GardenStone, Wilde Jagd und W\u00fctendes Heer<\/em>. Ein\u00a0 Streifzug quer durch Europa, vom Mittelalter bis in die Neuzeit, durch Textfragmente, Sagen, Lieder, Gedichte und vieles mehr, was die Begriffe wie \u201eWilde Jagd\u201c\u00a0 oder \u201eW\u00fctendes Heer\u201c ber\u00fchrt.<\/p>\n<p>Rezension auf Asentr.eu:<\/p>\n<p><a href=\"http:\/\/asentr.eu\/b_wildejagd.html\" target=\"_blank\">GardenStone &#8211; Wilde Jagd und W\u00fctendes Heer &#8211; Ein Streifzug<\/a><\/p>\n<p>&nbsp;<\/p>\n","protected":false},"excerpt":{"rendered":"<p>Auch wenn V\u00e4terchen Frost bereits erste Spuren hinterlassen hat, so steckt der Winter eigentlich noch in seinen Kinderschuhen.\u00a0 Julfest und Rauhn\u00e4chte stehen noch bevor. Gibt es einen besseren Zeitpunkt f\u00fcr einen Streifzug durch das Thema Wilde Jagd und W\u00fctendes Heer? Nein, sowas liest sich nicht gut im Fr\u00fchling und im Sommer schon gar nicht. Das [&hellip;]<\/p>\n","protected":false},"author":1,"featured_media":0,"comment_status":"open","ping_status":"open","sticky":false,"template":"","format":"standard","meta":[],"categories":[55,49,45],"tags":[65,68,66,67],"_links":{"self":[{"href":"http:\/\/nordost.altesitte.info\/index.php?rest_route=\/wp\/v2\/posts\/321"}],"collection":[{"href":"http:\/\/nordost.altesitte.info\/index.php?rest_route=\/wp\/v2\/posts"}],"about":[{"href":"http:\/\/nordost.altesitte.info\/index.php?rest_route=\/wp\/v2\/types\/post"}],"author":[{"embeddable":true,"href":"http:\/\/nordost.altesitte.info\/index.php?rest_route=\/wp\/v2\/users\/1"}],"replies":[{"embeddable":true,"href":"http:\/\/nordost.altesitte.info\/index.php?rest_route=%2Fwp%2Fv2%2Fcomments&post=321"}],"version-history":[{"count":3,"href":"http:\/\/nordost.altesitte.info\/index.php?rest_route=\/wp\/v2\/posts\/321\/revisions"}],"predecessor-version":[{"id":324,"href":"http:\/\/nordost.altesitte.info\/index.php?rest_route=\/wp\/v2\/posts\/321\/revisions\/324"}],"wp:attachment":[{"href":"http:\/\/nordost.altesitte.info\/index.php?rest_route=%2Fwp%2Fv2%2Fmedia&parent=321"}],"wp:term":[{"taxonomy":"category","embeddable":true,"href":"http:\/\/nordost.altesitte.info\/index.php?rest_route=%2Fwp%2Fv2%2Fcategories&post=321"},{"taxonomy":"post_tag","embeddable":true,"href":"http:\/\/nordost.altesitte.info\/index.php?rest_route=%2Fwp%2Fv2%2Ftags&post=321"}],"curies":[{"name":"wp","href":"https:\/\/api.w.org\/{rel}","templated":true}]}}