{"id":998,"date":"2018-09-20T19:32:24","date_gmt":"2018-09-20T17:32:24","guid":{"rendered":"http:\/\/nordost.altesitte.info\/?p=998"},"modified":"2018-09-21T10:37:32","modified_gmt":"2018-09-21T08:37:32","slug":"herbstauftakt-das-nebelmoor","status":"publish","type":"post","link":"http:\/\/nordost.altesitte.info\/?p=998","title":{"rendered":"Herbstauftakt im Nebelmoor"},"content":{"rendered":"<p>Sonntagmorgen und Weckerklingeln&#8230; wie passt das zusammen? Vor 6 Uhr&#8230; eine wenig gem\u00fctserhellende Vorstellung. Doch der Gedanke an das Pastellrot in der Morgend\u00e4mmerung im Nebelmoor zwingt uns hoch. <!--more--><br \/>\nW\u00e4hrend meine Frau die Kinder weckt, bereite ich ein kleines Fr\u00fchst\u00fcck vor und heize den Kamin ein. Eine angenehme W\u00e4rme flie\u00dft ins Dunkel. Dumpf flackert der Flammenschein in die Wohnstube&#8230;<\/p>\n<p><img decoding=\"async\" loading=\"lazy\" class=\"alignnone size-medium\" src=\"https:\/\/farm2.staticflickr.com\/1894\/42998391260_1303e28ccf.jpg\" width=\"411\" height=\"500\" \/><\/p>\n<p>Mein Birkenrucksack ist schnell gepackt, Jacken und Schuhe an und los geht&#8217;s. Die warmen Herbsttage und der Regen am Tag zuvor versprechen sch\u00f6ne Stunden im Moor. Schon unsere Fahrt durch dichte Nebelb\u00e4nke und entlang der langsam aufgehenden Sonne l\u00e4sst unsere Kinder staunen und entsch\u00e4digt das allzu fr\u00fche Aufstehen.<\/p>\n<p><img decoding=\"async\" loading=\"lazy\" class=\"alignnone\" src=\"https:\/\/farm2.staticflickr.com\/1883\/43899475505_a0f1db68b7.jpg\" alt=\"\" width=\"347\" height=\"500\" \/><\/p>\n<p>Interessanterweise kommen wir durch einen Ort namens <em>Wodenhof<\/em>. Ein alter mecklenburger Erntesagen lautet:<\/p>\n<blockquote><p>Wode, Wode, hale dinnen Rosse nu voder,<br \/>\nnu Diestel un Dorn,<br \/>\n\u00e4chter jar beter Korn!<\/p>\n<p>Wode, Wode, hole deinem Rosse nur Futter,<br \/>\nnun Distel und Dorn,<br \/>\n\u00fcber&#8216; s Jahr besser Korn.<\/p><\/blockquote>\n<p>Und mit dem Wode ist nat\u00fcrlich niemand anders gemeint als <a href=\"http:\/\/www.asentr.eu\/g_wot.html\" target=\"_blank\" rel=\"noopener\">Wodan<\/a>.<\/p>\n<p><img decoding=\"async\" loading=\"lazy\" class=\"alignnone size-medium\" src=\"https:\/\/farm2.staticflickr.com\/1903\/44759883182_795b5c5cb5.jpg\" width=\"500\" height=\"382\" \/><\/p>\n<p>Als wir im Moor angekommen sind und aussteigen, sind wir froh \u00fcber die dicken Pullover, die wir vorsichtshalber unter den Jacken tragen. Nach dem hei\u00dfen Sommer kaum zu glauben. Und es geht hinein ins Nebelmoor&#8230;<\/p>\n<p><img decoding=\"async\" loading=\"lazy\" class=\"alignnone size-medium\" src=\"https:\/\/farm2.staticflickr.com\/1858\/44089789564_9b3eb055a4.jpg\" width=\"404\" height=\"500\" \/><\/p>\n<p>Unsere Wanderung f\u00fchrt uns ein gutes St\u00fcck durch den Wald. An einer Stelle direkt am Moor laden uns Holzb\u00e4nke zum zweiten Fr\u00fchst\u00fcck ein. Wir st\u00e4rken uns bei hei\u00dfem Tee, Honigbroten, gekochten Eiern und \u00c4pfeln &#8211; und genie\u00dfen die Idylle, die uns einen wahren Auftakt f\u00fcr die nun kommende <a href=\"http:\/\/asentr.eu\/f_herb.html\" target=\"_blank\" rel=\"noopener\">Herbstzeit<\/a> bietet.<\/p>\n<blockquote><p>Die liebste Zeit aber ist ihr der Herbst. Dann ist im ganzen Walde Futter f\u00fcr ihre Z\u00e4hne da. Unter den Ahornb\u00e4umen und Hainbuchen liegen massenhaft die gefl\u00fcgelten Kerne, in den Eichen schimmern die Eicheln, die Haselb\u00fcsche tragen schwer, und in den Kronen der Buchen reifen die fetten N\u00fcsse.<\/p>\n<p>Hermann L\u00f6ns, Tiergeschichten, Das Eichh\u00f6rnchen<\/p><\/blockquote>\n\n            \n","protected":false},"excerpt":{"rendered":"<p>Sonntagmorgen und Weckerklingeln&#8230; wie passt das zusammen? Vor 6 Uhr&#8230; eine wenig gem\u00fctserhellende Vorstellung. Doch der Gedanke an das Pastellrot in der Morgend\u00e4mmerung im Nebelmoor zwingt uns hoch.<\/p>\n","protected":false},"author":1,"featured_media":0,"comment_status":"open","ping_status":"open","sticky":false,"template":"","format":"standard","meta":[],"categories":[1,9,180],"tags":[181,182],"_links":{"self":[{"href":"http:\/\/nordost.altesitte.info\/index.php?rest_route=\/wp\/v2\/posts\/998"}],"collection":[{"href":"http:\/\/nordost.altesitte.info\/index.php?rest_route=\/wp\/v2\/posts"}],"about":[{"href":"http:\/\/nordost.altesitte.info\/index.php?rest_route=\/wp\/v2\/types\/post"}],"author":[{"embeddable":true,"href":"http:\/\/nordost.altesitte.info\/index.php?rest_route=\/wp\/v2\/users\/1"}],"replies":[{"embeddable":true,"href":"http:\/\/nordost.altesitte.info\/index.php?rest_route=%2Fwp%2Fv2%2Fcomments&post=998"}],"version-history":[{"count":11,"href":"http:\/\/nordost.altesitte.info\/index.php?rest_route=\/wp\/v2\/posts\/998\/revisions"}],"predecessor-version":[{"id":1010,"href":"http:\/\/nordost.altesitte.info\/index.php?rest_route=\/wp\/v2\/posts\/998\/revisions\/1010"}],"wp:attachment":[{"href":"http:\/\/nordost.altesitte.info\/index.php?rest_route=%2Fwp%2Fv2%2Fmedia&parent=998"}],"wp:term":[{"taxonomy":"category","embeddable":true,"href":"http:\/\/nordost.altesitte.info\/index.php?rest_route=%2Fwp%2Fv2%2Fcategories&post=998"},{"taxonomy":"post_tag","embeddable":true,"href":"http:\/\/nordost.altesitte.info\/index.php?rest_route=%2Fwp%2Fv2%2Ftags&post=998"}],"curies":[{"name":"wp","href":"https:\/\/api.w.org\/{rel}","templated":true}]}}