{"id":1074,"date":"2019-01-06T20:27:42","date_gmt":"2019-01-06T19:27:42","guid":{"rendered":"http:\/\/nordost.altesitte.info\/?p=1074"},"modified":"2019-01-08T20:28:42","modified_gmt":"2019-01-08T19:28:42","slug":"walnuesse-fuer-die-raben-und-kraehen","status":"publish","type":"post","link":"https:\/\/nordost.altesitte.info\/?p=1074","title":{"rendered":"Waln\u00fcsse f\u00fcr die Raben und Kr\u00e4hen"},"content":{"rendered":"\n<p class=\"has-drop-cap\">Unsere Walnussernte war in diesem Jahr so gut wie noch nie. \u00dcber 35 Kg lagen vor dem Julfest in den S\u00e4cken fertig getrocknet. Dazu mu\u00df ich auch betonen, da\u00df wir einen verh\u00e4ltnism\u00e4\u00dfig trockenen Herbst hatten und die Trocknung dadurch erheblich unterst\u00fctzt wurde. Mehr Bio geht nicht, eigene Ernte ist und bleibt das Beste. <\/p>\n\n\n\n<p>Nun ist mir vor einiger Zeit aufgefallen, da\u00df sich gegen Sp\u00e4tsommer in den Eichen und Linden, die unweit rings um unser Grundst\u00fcck wachsen, jedes Jahr regelm\u00e4\u00dfig Raben und Kr\u00e4hen ansiedeln. Und ja, haupts\u00e4chlich handelt es sich tats\u00e4chlich um Kolkraben-Paare. Und ja, ich kann Raben sehr wohl von Kr\u00e4hen oder auch den gr\u00f6\u00dferen Rabenkr\u00e4hen recht sicher unterscheiden. Allein der unnachahmlich rauhe Ruf des Raben ist zusammen mit dem Flugbild (Schwanzgefieder beim Raben keilf\u00f6rmig, bei der Kr\u00e4he halbrund) ein sicheres Erkennungszeichen. Nun l\u00e4\u00dft sich der schwarzgefiederte Besuch nach einiger Beobachtung gut erkl\u00e4ren: Sobald unsere Walnuss beginnt Fr\u00fcchte zu tragen, finden sich die Tiere ein, weil sie ihnen \u00fcber einen langen Zeitraum eine zuverl\u00e4ssige und \u00fcppige Nahrungsquelle bietet. Die Raben und Kr\u00e4hen aller Art nehmen die N\u00fcsse in ihrem Schnabel mit zur Stra\u00dfe und lassen sie immer wieder fallen, bis die Nuss entweder von allein aufspringt, oder \u00fcber kurz oder lang ein Auto dr\u00fcber f\u00e4hrt. Sie sind eben schlau. Nun sind die N\u00fcsse aber ziemlich gro\u00df und k\u00f6nnen daher nur von den gr\u00f6\u00dferen V\u00f6geln transportiert werden, also vorwiegend den Raben und Rabenkr\u00e4hen. Alle anderen V\u00f6gel versuchen vor Ort unter dem Baum ihr Gl\u00fcck und picken mit ihrem spitzen Schnabel ein Loch hinein. Und das funktioniert erstaunlich gut.<\/p>\n\n\n\n<figure class=\"wp-block-image\"><img decoding=\"async\" loading=\"lazy\" width=\"1024\" height=\"711\" src=\"http:\/\/nordost.altesitte.info\/wp-content\/uploads\/2019\/01\/IMG_0237-Kopie-1024x711.jpg\" alt=\"\" class=\"wp-image-1070\" srcset=\"https:\/\/nordost.altesitte.info\/wp-content\/uploads\/2019\/01\/IMG_0237-Kopie-1024x711.jpg 1024w, https:\/\/nordost.altesitte.info\/wp-content\/uploads\/2019\/01\/IMG_0237-Kopie-500x347.jpg 500w, https:\/\/nordost.altesitte.info\/wp-content\/uploads\/2019\/01\/IMG_0237-Kopie-768x533.jpg 768w, https:\/\/nordost.altesitte.info\/wp-content\/uploads\/2019\/01\/IMG_0237-Kopie-624x433.jpg 624w, https:\/\/nordost.altesitte.info\/wp-content\/uploads\/2019\/01\/IMG_0237-Kopie.jpg 1200w\" sizes=\"(max-width: 1024px) 100vw, 1024px\" \/><figcaption>Waln\u00fcsse in einer Runenschale f\u00fcr unsere schwarzgefiederten Freunde<\/figcaption><\/figure>\n\n\n\n<p>Wir kommen unterdessen bestens miteinander klar. Es liegen wirklich so gro\u00dfe Mengen unter dem Baum, da\u00df wir lange nicht alles aufsammeln k\u00f6nnen. Irgendwann hat man auch einfach keine Lust mehr. Selbst die Nachbarn d\u00fcrfen sammeln. Und so bleibt mehr als genug f\u00fcr diese wundersch\u00f6nen und klugen V\u00f6gel \u00fcbrig.<\/p>\n\n\n\n<p>Inzwischen ist aber Winter und die Nahrung der Tiere ist knapp geworden. Die verbliebenen Winterv\u00f6gel bekommen von uns sowieso Winterhilfe. Heute habe ich mir aber gedacht&#8230; wei\u00dfte was, warum stell&#8217;ste nicht einfach mal&#8217;ne Schale mit aufgeschlagenen N\u00fcssen hin. Mal sehen was passiert. Eine Opfergabe f\u00fcr die Raben und alles Schwarzgefiederte. Ich werde es die n\u00e4chsten Tage mal beobachten und berichte dann beizeiten.<\/p>\n\n\n\n<figure class=\"wp-block-image\"><img decoding=\"async\" loading=\"lazy\" width=\"813\" height=\"1024\" src=\"http:\/\/nordost.altesitte.info\/wp-content\/uploads\/2019\/01\/IMG_0239-Kopie-813x1024.jpg\" alt=\"\" class=\"wp-image-1071\" srcset=\"https:\/\/nordost.altesitte.info\/wp-content\/uploads\/2019\/01\/IMG_0239-Kopie-813x1024.jpg 813w, https:\/\/nordost.altesitte.info\/wp-content\/uploads\/2019\/01\/IMG_0239-Kopie-397x500.jpg 397w, https:\/\/nordost.altesitte.info\/wp-content\/uploads\/2019\/01\/IMG_0239-Kopie-768x967.jpg 768w, https:\/\/nordost.altesitte.info\/wp-content\/uploads\/2019\/01\/IMG_0239-Kopie-624x786.jpg 624w, https:\/\/nordost.altesitte.info\/wp-content\/uploads\/2019\/01\/IMG_0239-Kopie.jpg 953w\" sizes=\"(max-width: 813px) 100vw, 813px\" \/><figcaption> <br><em>Aufgeschlagene Waln\u00fcsse in einer Runenschale f\u00fcr unsere schwarzgefiederten Freunde<\/em> <\/figcaption><\/figure>\n","protected":false},"excerpt":{"rendered":"<p>Unsere Walnussernte war in diesem Jahr so gut wie noch nie. \u00dcber 35 Kg lagen vor dem Julfest in den S\u00e4cken fertig getrocknet. Dazu mu\u00df ich auch betonen, da\u00df wir einen verh\u00e4ltnism\u00e4\u00dfig trockenen Herbst hatten und die Trocknung dadurch erheblich unterst\u00fctzt wurde. Mehr Bio geht nicht, eigene Ernte ist und bleibt das Beste. Nun ist [&hellip;]<\/p>\n","protected":false},"author":1,"featured_media":0,"comment_status":"open","ping_status":"open","sticky":false,"template":"","format":"standard","meta":[],"categories":[1,45],"tags":[187],"_links":{"self":[{"href":"https:\/\/nordost.altesitte.info\/index.php?rest_route=\/wp\/v2\/posts\/1074"}],"collection":[{"href":"https:\/\/nordost.altesitte.info\/index.php?rest_route=\/wp\/v2\/posts"}],"about":[{"href":"https:\/\/nordost.altesitte.info\/index.php?rest_route=\/wp\/v2\/types\/post"}],"author":[{"embeddable":true,"href":"https:\/\/nordost.altesitte.info\/index.php?rest_route=\/wp\/v2\/users\/1"}],"replies":[{"embeddable":true,"href":"https:\/\/nordost.altesitte.info\/index.php?rest_route=%2Fwp%2Fv2%2Fcomments&post=1074"}],"version-history":[{"count":10,"href":"https:\/\/nordost.altesitte.info\/index.php?rest_route=\/wp\/v2\/posts\/1074\/revisions"}],"predecessor-version":[{"id":1093,"href":"https:\/\/nordost.altesitte.info\/index.php?rest_route=\/wp\/v2\/posts\/1074\/revisions\/1093"}],"wp:attachment":[{"href":"https:\/\/nordost.altesitte.info\/index.php?rest_route=%2Fwp%2Fv2%2Fmedia&parent=1074"}],"wp:term":[{"taxonomy":"category","embeddable":true,"href":"https:\/\/nordost.altesitte.info\/index.php?rest_route=%2Fwp%2Fv2%2Fcategories&post=1074"},{"taxonomy":"post_tag","embeddable":true,"href":"https:\/\/nordost.altesitte.info\/index.php?rest_route=%2Fwp%2Fv2%2Ftags&post=1074"}],"curies":[{"name":"wp","href":"https:\/\/api.w.org\/{rel}","templated":true}]}}