{"id":1103,"date":"2019-01-13T21:07:58","date_gmt":"2019-01-13T20:07:58","guid":{"rendered":"http:\/\/nordost.altesitte.info\/?p=1103"},"modified":"2019-01-13T21:09:02","modified_gmt":"2019-01-13T20:09:02","slug":"die-weihe-der-thorshaemmer","status":"publish","type":"post","link":"https:\/\/nordost.altesitte.info\/?p=1103","title":{"rendered":"Die Weihe der Thorsh\u00e4mmer\u2026"},"content":{"rendered":"\n<p>\u2026 und weiteren Anh\u00e4nger, meines Speers und des Eidrings, sollte eigentlich heute Morgen in aller Fr\u00fch in meinem Steinheiligtum, dem H\u00f6rgr, stattfinden. Doch dem kundigen Auge verr\u00e4t das Schl\u00fcsselwort \u201eeigentlich\u201c sofort, dass der Wunsch mal wieder der Realit\u00e4t weichen musste. Schuld ist der &nbsp;unnachgiebige und geradezu erbarmungslose Mecklenburger Winter: Spr\u00fchregen bei 4 \u00b0C. Den ganzen Tag.<\/p>\n\n\n\n<p>Das hat mir einen\ngeh\u00f6rigen Strich durch die Rechnung gemacht, denn wenigstens ein paar trockene\nMinuten br\u00e4uchte ich schon, um mein Weihe-Bl\u00f3t am Steinaltar durchf\u00fchren\nzu&nbsp; k\u00f6nnen\u2026 vor allem verl\u00e4ssliche trockene\nMinuten\u2026 Aber in einem Mecklenburger Winter\u2026nein\u2026<\/p>\n\n\n\n<p>Also baute ich kurzerhand meinen Stallr im Haus auf und f\u00fchrte f\u00fcr jeden Anh\u00e4nger ein kleines Weiheritual durch. <\/p>\n\n\n\n<div class=\"wp-block-image\"><figure class=\"aligncenter\"><img decoding=\"async\" loading=\"lazy\" width=\"1024\" height=\"659\" src=\"http:\/\/nordost.altesitte.info\/wp-content\/uploads\/2019\/01\/weihe1-1024x659.jpg\" alt=\"\" class=\"wp-image-1095\" srcset=\"https:\/\/nordost.altesitte.info\/wp-content\/uploads\/2019\/01\/weihe1-1024x659.jpg 1024w, https:\/\/nordost.altesitte.info\/wp-content\/uploads\/2019\/01\/weihe1-500x322.jpg 500w, https:\/\/nordost.altesitte.info\/wp-content\/uploads\/2019\/01\/weihe1-768x494.jpg 768w, https:\/\/nordost.altesitte.info\/wp-content\/uploads\/2019\/01\/weihe1-624x401.jpg 624w, https:\/\/nordost.altesitte.info\/wp-content\/uploads\/2019\/01\/weihe1.jpg 1200w\" sizes=\"(max-width: 1024px) 100vw, 1024px\" \/><\/figure><\/div>\n\n\n\n<p style=\"text-align:center\">Kern dieser Handlung sind folgende Worte:<\/p>\n\n\n\n<p style=\"text-align:center\"><br> M\u00e4chtiger Thor, Midgards Sch\u00fctzer,<br> Du weihst die W\u00fcrdigen, wehrst der Not,<br> Mit n\u00e4hrendem Nass benetzt du die Erde,<br> gibst Kraft der Krume,<br> St\u00e4rke den St\u00e4mmen,<br> Segen den Sippen,<br> Mut jedem Menschen.<\/p>\n\n\n\n<p style=\"text-align:center\">Thor, Sohn der Erde und Odins!<br> Vater von Macht, Mut und Kraft!<br> Ich bringe dir dieses Zeichen deines Hammers,<br> das der Tr\u00e4ger um seinen Hals tragen will,<br> dir zur Ehre und im Vertrauen auf deine St\u00e4rke.<br> Dieser Hammer ist geschmiedet aus Feuer und Stahl.<br> M\u00f6ge er seinem k\u00fcnftigen Tr\u00e4ger Kraft und Mut geben,<br> wann immer er ihrer bedarf,<br> und ihn sch\u00fctzen auf all seinen Wegen! <br>Thor weihe diesen Hammer! <\/p>\n\n\n\n<p>Diese Weihe-Anrufung l\u00e4sst sich ganz einfach auf alle m\u00f6glichen Gegenst\u00e4nde abwandeln.  Der Grundaufbau stammt aus dem Buch &#8222;Das Heilige Fest&#8220; von F. Steinbock.<\/p>\n\n\n\n<p class=\"has-drop-cap\">Anfang der Woche gehen die Thorsh\u00e4mmer (+Eidring) also auf die Reise\u2026 flieg auf, mein Brief-Rabe\u2026<\/p>\n\n\n\n<div class=\"wp-block-image\"><figure class=\"aligncenter\"><img decoding=\"async\" loading=\"lazy\" width=\"1024\" height=\"779\" src=\"http:\/\/nordost.altesitte.info\/wp-content\/uploads\/2019\/01\/weihe2-1024x779.jpg\" alt=\"\" class=\"wp-image-1096\" srcset=\"https:\/\/nordost.altesitte.info\/wp-content\/uploads\/2019\/01\/weihe2-1024x779.jpg 1024w, https:\/\/nordost.altesitte.info\/wp-content\/uploads\/2019\/01\/weihe2-500x380.jpg 500w, https:\/\/nordost.altesitte.info\/wp-content\/uploads\/2019\/01\/weihe2-768x584.jpg 768w, https:\/\/nordost.altesitte.info\/wp-content\/uploads\/2019\/01\/weihe2-624x475.jpg 624w, https:\/\/nordost.altesitte.info\/wp-content\/uploads\/2019\/01\/weihe2.jpg 1200w\" sizes=\"(max-width: 1024px) 100vw, 1024px\" \/><\/figure><\/div>\n\n\n\n<div class=\"wp-block-image\"><figure class=\"aligncenter\"><img decoding=\"async\" loading=\"lazy\" width=\"776\" height=\"1024\" src=\"http:\/\/nordost.altesitte.info\/wp-content\/uploads\/2019\/01\/weihe3-776x1024.jpg\" alt=\"\" class=\"wp-image-1097\" srcset=\"https:\/\/nordost.altesitte.info\/wp-content\/uploads\/2019\/01\/weihe3-776x1024.jpg 776w, https:\/\/nordost.altesitte.info\/wp-content\/uploads\/2019\/01\/weihe3-379x500.jpg 379w, https:\/\/nordost.altesitte.info\/wp-content\/uploads\/2019\/01\/weihe3-768x1014.jpg 768w, https:\/\/nordost.altesitte.info\/wp-content\/uploads\/2019\/01\/weihe3-624x824.jpg 624w, https:\/\/nordost.altesitte.info\/wp-content\/uploads\/2019\/01\/weihe3.jpg 909w\" sizes=\"(max-width: 776px) 100vw, 776px\" \/><\/figure><\/div>\n","protected":false},"excerpt":{"rendered":"<p>\u2026 und weiteren Anh\u00e4nger, meines Speers und des Eidrings, sollte eigentlich heute Morgen in aller Fr\u00fch in meinem Steinheiligtum, dem H\u00f6rgr, stattfinden. Doch dem kundigen Auge verr\u00e4t das Schl\u00fcsselwort \u201eeigentlich\u201c sofort, dass der Wunsch mal wieder der Realit\u00e4t weichen musste. Schuld ist der &nbsp;unnachgiebige und geradezu erbarmungslose Mecklenburger Winter: Spr\u00fchregen bei 4 \u00b0C. Den ganzen [&hellip;]<\/p>\n","protected":false},"author":1,"featured_media":0,"comment_status":"open","ping_status":"open","sticky":false,"template":"","format":"standard","meta":[],"categories":[3,61,76,6,19],"tags":[17,184,18],"_links":{"self":[{"href":"https:\/\/nordost.altesitte.info\/index.php?rest_route=\/wp\/v2\/posts\/1103"}],"collection":[{"href":"https:\/\/nordost.altesitte.info\/index.php?rest_route=\/wp\/v2\/posts"}],"about":[{"href":"https:\/\/nordost.altesitte.info\/index.php?rest_route=\/wp\/v2\/types\/post"}],"author":[{"embeddable":true,"href":"https:\/\/nordost.altesitte.info\/index.php?rest_route=\/wp\/v2\/users\/1"}],"replies":[{"embeddable":true,"href":"https:\/\/nordost.altesitte.info\/index.php?rest_route=%2Fwp%2Fv2%2Fcomments&post=1103"}],"version-history":[{"count":4,"href":"https:\/\/nordost.altesitte.info\/index.php?rest_route=\/wp\/v2\/posts\/1103\/revisions"}],"predecessor-version":[{"id":1107,"href":"https:\/\/nordost.altesitte.info\/index.php?rest_route=\/wp\/v2\/posts\/1103\/revisions\/1107"}],"wp:attachment":[{"href":"https:\/\/nordost.altesitte.info\/index.php?rest_route=%2Fwp%2Fv2%2Fmedia&parent=1103"}],"wp:term":[{"taxonomy":"category","embeddable":true,"href":"https:\/\/nordost.altesitte.info\/index.php?rest_route=%2Fwp%2Fv2%2Fcategories&post=1103"},{"taxonomy":"post_tag","embeddable":true,"href":"https:\/\/nordost.altesitte.info\/index.php?rest_route=%2Fwp%2Fv2%2Ftags&post=1103"}],"curies":[{"name":"wp","href":"https:\/\/api.w.org\/{rel}","templated":true}]}}