{"id":1138,"date":"2019-06-26T22:00:45","date_gmt":"2019-06-26T20:00:45","guid":{"rendered":"http:\/\/nordost.altesitte.info\/?p=1138"},"modified":"2019-06-26T22:01:37","modified_gmt":"2019-06-26T20:01:37","slug":"rueckblick-eine-blot-wanderung","status":"publish","type":"post","link":"https:\/\/nordost.altesitte.info\/?p=1138","title":{"rendered":"R\u00fcckblick: Eine Bl\u00f3t-Wanderung"},"content":{"rendered":"\n<p class=\"has-drop-cap\">Unweit von der Landeshauptstadt Schwerin l\u00e4sst sich in&nbsp; eine urtypische Naturlandschaft mit zahlreichen W\u00e4ldern, abgelegenen Mooren und Seen, riesigen Ackerfl\u00e4chen und abgeschiedenen D\u00f6rfern eintauchen. Besonders sch\u00f6n finde ich die Endmor\u00e4nenlandschaft rund um das Warnowtal \u00f6stlich von Schwerin (<a href=\"https:\/\/de.wikipedia.org\/wiki\/Naturschutzgebiet_Warnowtal_bei_Karnin\" target=\"_blank\" rel=\"noreferrer noopener\" aria-label=\"Warnowtal bei Karnin (\u00f6ffnet in neuem Tab)\">Warnowtal bei Karnin<\/a>). <\/p>\n\n\n\n<div class=\"wp-block-image\"><figure class=\"aligncenter\"><img decoding=\"async\" loading=\"lazy\" width=\"1024\" height=\"683\" src=\"http:\/\/nordost.altesitte.info\/wp-content\/uploads\/2019\/06\/IMG_0450_NEU-1024x683.jpg\" alt=\"\" class=\"wp-image-1147\" srcset=\"https:\/\/nordost.altesitte.info\/wp-content\/uploads\/2019\/06\/IMG_0450_NEU-1024x683.jpg 1024w, https:\/\/nordost.altesitte.info\/wp-content\/uploads\/2019\/06\/IMG_0450_NEU-500x333.jpg 500w, https:\/\/nordost.altesitte.info\/wp-content\/uploads\/2019\/06\/IMG_0450_NEU-768x512.jpg 768w, https:\/\/nordost.altesitte.info\/wp-content\/uploads\/2019\/06\/IMG_0450_NEU-624x416.jpg 624w, https:\/\/nordost.altesitte.info\/wp-content\/uploads\/2019\/06\/IMG_0450_NEU.jpg 1500w\" sizes=\"(max-width: 1024px) 100vw, 1024px\" \/><figcaption>Gr\u00fcne H\u00fcgellandschaft<\/figcaption><\/figure><\/div>\n\n\n\n<p>Die Entstehung ist dem Schmelzwasser der Eiszeit zu\nverdanken, das sich von Norden nach S\u00fcden wie eine Talrinne den Weg durch die\nEndmor\u00e4ne bahnte und so eine markante H\u00fcgellandschaft hervorbrachte. Mithin\neine Landschaft, die von vielen Steinen und Findlingen gepr\u00e4gt ist, was ihren\nherben und gewisserma\u00dfen abwechslungsreichen Charakter unterstreicht. <\/p>\n\n\n\n<p>Als wir vor einigen Jahren nach M-V kamen, verbrachte ich \u00fcbergangsweise einige Zeit in dieser Gegend und erkundete das eine oder andere Fleckchen Erde. Und es l\u00e4sst mich bis heute nicht los. Auch wenn wir inzwischen Haus und Hof haben, die gen\u00fcgend M\u00f6glichkeit zur Entfaltung und Selbstverwirklichung geben, so zieht es mich an manchen Tagen immer wieder an einige Orte, die ich als ganz besonders empfunden habe &#8211; und es immer noch tue. <\/p>\n\n\n\n<div class=\"wp-block-image\"><figure class=\"aligncenter is-resized\"><img decoding=\"async\" loading=\"lazy\" src=\"http:\/\/nordost.altesitte.info\/wp-content\/uploads\/2019\/06\/IMG_0440_NEU-683x1024.jpg\" alt=\"\" class=\"wp-image-1143\" width=\"342\" height=\"512\" srcset=\"https:\/\/nordost.altesitte.info\/wp-content\/uploads\/2019\/06\/IMG_0440_NEU-683x1024.jpg 683w, https:\/\/nordost.altesitte.info\/wp-content\/uploads\/2019\/06\/IMG_0440_NEU-333x500.jpg 333w, https:\/\/nordost.altesitte.info\/wp-content\/uploads\/2019\/06\/IMG_0440_NEU-768x1152.jpg 768w, https:\/\/nordost.altesitte.info\/wp-content\/uploads\/2019\/06\/IMG_0440_NEU-624x936.jpg 624w, https:\/\/nordost.altesitte.info\/wp-content\/uploads\/2019\/06\/IMG_0440_NEU-600x900.jpg 600w, https:\/\/nordost.altesitte.info\/wp-content\/uploads\/2019\/06\/IMG_0440_NEU.jpg 1000w\" sizes=\"(max-width: 342px) 100vw, 342px\" \/><figcaption>Ein Findling zwischen Moos und Farn<\/figcaption><\/figure><\/div>\n\n\n\n<p>Zu diesen Orten geh\u00f6rt das Warnowtal, ganz und gar im Wald gelegen und von Steilh\u00e4ngen ges\u00e4umt. \u00dcber einen Hohlweg l\u00e4sst sich ein sp\u00e4rlicher Wanderweg erahnen, nicht mehr als ein Trampelpfad. Er f\u00fchrt auf einen H\u00fcgelkamm hinauf, an dessen Fu\u00dfe ein Moor liegt. An zahlreichen B\u00e4umen wachsen Misteln, gelegentlich kreisen Raben. Weiter f\u00fchrt der Weg an einer megalithischen Steinsetzung entlang bis an ein weiteres Moor, von dessen Feldrain man auf eine m\u00e4chtige Eiche blickt, die in einem verwachsenen Steinkreis mitten in einem Feld ruht. An den Wurzeln dieser Eiche liegt eine gro\u00dfe Steinplatte, ein Findling. Vermutlich der Deckstein eines Gro\u00dfsteingrabs. <\/p>\n\n\n\n<div class=\"wp-block-image\"><figure class=\"aligncenter is-resized\"><img decoding=\"async\" loading=\"lazy\" src=\"http:\/\/nordost.altesitte.info\/wp-content\/uploads\/2019\/06\/IMG_0438_NEU-1024x683.jpg\" alt=\"\" class=\"wp-image-1142\" width=\"512\" height=\"342\" srcset=\"https:\/\/nordost.altesitte.info\/wp-content\/uploads\/2019\/06\/IMG_0438_NEU-1024x683.jpg 1024w, https:\/\/nordost.altesitte.info\/wp-content\/uploads\/2019\/06\/IMG_0438_NEU-500x333.jpg 500w, https:\/\/nordost.altesitte.info\/wp-content\/uploads\/2019\/06\/IMG_0438_NEU-768x512.jpg 768w, https:\/\/nordost.altesitte.info\/wp-content\/uploads\/2019\/06\/IMG_0438_NEU-624x416.jpg 624w, https:\/\/nordost.altesitte.info\/wp-content\/uploads\/2019\/06\/IMG_0438_NEU.jpg 1500w\" sizes=\"(max-width: 512px) 100vw, 512px\" \/><figcaption>Megalith-St\u00e4tte mit m\u00e4chtigem W\u00e4chterstein<\/figcaption><\/figure><\/div>\n\n\n\n<div class=\"wp-block-image\"><figure class=\"aligncenter is-resized\"><img decoding=\"async\" loading=\"lazy\" src=\"http:\/\/nordost.altesitte.info\/wp-content\/uploads\/2019\/06\/IMG_0442_NEU-1024x683.jpg\" alt=\"\" class=\"wp-image-1145\" width=\"512\" height=\"342\" srcset=\"https:\/\/nordost.altesitte.info\/wp-content\/uploads\/2019\/06\/IMG_0442_NEU-1024x683.jpg 1024w, https:\/\/nordost.altesitte.info\/wp-content\/uploads\/2019\/06\/IMG_0442_NEU-500x333.jpg 500w, https:\/\/nordost.altesitte.info\/wp-content\/uploads\/2019\/06\/IMG_0442_NEU-768x512.jpg 768w, https:\/\/nordost.altesitte.info\/wp-content\/uploads\/2019\/06\/IMG_0442_NEU-624x416.jpg 624w, https:\/\/nordost.altesitte.info\/wp-content\/uploads\/2019\/06\/IMG_0442_NEU.jpg 1500w\" sizes=\"(max-width: 512px) 100vw, 512px\" \/><figcaption>Moor<\/figcaption><\/figure><\/div>\n\n\n\n<div class=\"wp-block-image\"><figure class=\"aligncenter is-resized\"><img decoding=\"async\" loading=\"lazy\" src=\"http:\/\/nordost.altesitte.info\/wp-content\/uploads\/2019\/06\/IMG_0446_NEU-683x1024.jpg\" alt=\"\" class=\"wp-image-1146\" width=\"342\" height=\"512\" srcset=\"https:\/\/nordost.altesitte.info\/wp-content\/uploads\/2019\/06\/IMG_0446_NEU-683x1024.jpg 683w, https:\/\/nordost.altesitte.info\/wp-content\/uploads\/2019\/06\/IMG_0446_NEU-333x500.jpg 333w, https:\/\/nordost.altesitte.info\/wp-content\/uploads\/2019\/06\/IMG_0446_NEU-768x1152.jpg 768w, https:\/\/nordost.altesitte.info\/wp-content\/uploads\/2019\/06\/IMG_0446_NEU-624x936.jpg 624w, https:\/\/nordost.altesitte.info\/wp-content\/uploads\/2019\/06\/IMG_0446_NEU-600x900.jpg 600w, https:\/\/nordost.altesitte.info\/wp-content\/uploads\/2019\/06\/IMG_0446_NEU.jpg 1000w\" sizes=\"(max-width: 342px) 100vw, 342px\" \/><figcaption>M\u00e4chtige Eiche<\/figcaption><\/figure><\/div>\n\n\n\n<p>Mehr geht nicht. Ich liebe diesen Ort. Er ist v\u00f6llig verlassen und derma\u00dfen abseits der Wege, dass sich nur ganz wenige hierher verirren. Nur solche verr\u00fcckten germanischen Heiden werden von solchen Orten angezogen &#8230; \ud83d\ude09<\/p>\n\n\n\n<p>Und das ist auch der Grund, warum ich einigen Wenigen diesen\nwundervollen Ort zeige. An diesen Ort f\u00fchrt meine Bl\u00f3t-Wanderung, von der ich\nauf Asentr.eu schreibe.<\/p>\n\n\n\n<div class=\"wp-block-image\"><figure class=\"aligncenter is-resized\"><img decoding=\"async\" loading=\"lazy\" src=\"http:\/\/nordost.altesitte.info\/wp-content\/uploads\/2019\/06\/IMG_0457_NEU-683x1024.jpg\" alt=\"\" class=\"wp-image-1148\" width=\"342\" height=\"512\" srcset=\"https:\/\/nordost.altesitte.info\/wp-content\/uploads\/2019\/06\/IMG_0457_NEU-683x1024.jpg 683w, https:\/\/nordost.altesitte.info\/wp-content\/uploads\/2019\/06\/IMG_0457_NEU-333x500.jpg 333w, https:\/\/nordost.altesitte.info\/wp-content\/uploads\/2019\/06\/IMG_0457_NEU-768x1152.jpg 768w, https:\/\/nordost.altesitte.info\/wp-content\/uploads\/2019\/06\/IMG_0457_NEU-624x936.jpg 624w, https:\/\/nordost.altesitte.info\/wp-content\/uploads\/2019\/06\/IMG_0457_NEU-600x900.jpg 600w, https:\/\/nordost.altesitte.info\/wp-content\/uploads\/2019\/06\/IMG_0457_NEU.jpg 1000w\" sizes=\"(max-width: 342px) 100vw, 342px\" \/><figcaption>Am Feldrain entlang&#8230;<\/figcaption><\/figure><\/div>\n\n\n\n<p>K\u00fcrzlich schrieb mich jemand \u00fcber das Kontaktformular an. Unsere Korrespondenz lie\u00df mich&nbsp; auf ein ernsthaftes Interesse schlie\u00dfen und kurzer Hand vereinbarten wir ein Treffen. Mit meinem Auto fuhren wir gemeinsam an den Ausgangsort meiner sogenannten Bl\u00f3t-Wanderung und gingen genau jenen Weg, den ich gerade beschrieben habe. Es m\u00f6gen insgesamt hin- und zur\u00fcck vielleicht nur ca. 12km sein, also im Grunde keine wirklich herausfordernde Strecke f\u00fcr eine Tageswanderung. Aber gerade dies bietet viel Raum, zwischendrin auch mal zu verweilen und die Umgebung auf sich wirken zu lassen.<\/p>\n\n\n\n<p>Wir unterhielten uns viel \u00fcber pers\u00f6nliche Erfahrungen, <a rel=\"noreferrer noopener\" aria-label=\"Ritualgrundlagen (\u00f6ffnet in neuem Tab)\" href=\"http:\/\/www.asentr.eu\/ritual01.html\" target=\"_blank\">Ritualgrundlagen<\/a>, Sinn und Zweck einer <a rel=\"noreferrer noopener\" aria-label=\"Opferhandlung (\u00f6ffnet in neuem Tab)\" href=\"http:\/\/www.asentr.eu\/opferzweck.html\" target=\"_blank\">Opferhandlung<\/a>, <a rel=\"noreferrer noopener\" aria-label=\"Jahresfeste (\u00f6ffnet in neuem Tab)\" href=\"http:\/\/www.asentr.eu\/feste.html\" target=\"_blank\">Jahresfeste<\/a>, <a href=\"http:\/\/www.asentr.eu\/runenundanderes.html\" target=\"_blank\" rel=\"noreferrer noopener\" aria-label=\"Runen (\u00f6ffnet in neuem Tab)\">Runen<\/a> und vieles mehr.<\/p>\n\n\n\n<p>An der Eiche angekommen, f\u00fchrten wir ein Bl\u00f3t durch. <\/p>\n\n\n<div id=\"metaslider-id-1151\" style=\"max-width: 600px; margin: 0 auto;\" class=\"ml-slider-3-108-0 metaslider metaslider-flex metaslider-1151 ml-slider has-dots-nav ms-theme-default\" role=\"region\" aria-label=\"Blot-Wanderrung\" data-height=\"900\" data-width=\"600\">\n    <div id=\"metaslider_container_1151\">\n        <div id=\"metaslider_1151\">\n            <ul class='slides'>\n                <li style=\"display: block; width: 100%;\" class=\"slide-1152 ms-image \" aria-roledescription=\"slide\" data-date=\"2019-06-24 22:19:17\" data-filename=\"IMG_0462_NEU-600x900.jpg\" data-slide-type=\"image\"><img src=\"https:\/\/nordost.altesitte.info\/wp-content\/uploads\/2019\/06\/IMG_0462_NEU-600x900.jpg\" height=\"900\" width=\"600\" alt=\"\" class=\"slider-1151 slide-1152 msDefaultImage\" title=\"Hohlweg\" \/><\/li>\n                <li style=\"display: none; width: 100%;\" class=\"slide-1153 ms-image \" aria-roledescription=\"slide\" data-date=\"2019-06-24 22:19:17\" data-filename=\"IMG_0459_NEU-600x900.jpg\" data-slide-type=\"image\"><img src=\"https:\/\/nordost.altesitte.info\/wp-content\/uploads\/2019\/06\/IMG_0459_NEU-600x900.jpg\" height=\"900\" width=\"600\" alt=\"\" class=\"slider-1151 slide-1153 msDefaultImage\" title=\"Hohlweg\" \/><\/li>\n                <li style=\"display: none; width: 100%;\" class=\"slide-1154 ms-image \" aria-roledescription=\"slide\" data-date=\"2019-06-24 22:19:17\" data-filename=\"IMG_0457_NEU-600x900.jpg\" data-slide-type=\"image\"><img src=\"https:\/\/nordost.altesitte.info\/wp-content\/uploads\/2019\/06\/IMG_0457_NEU-600x900.jpg\" height=\"900\" width=\"600\" alt=\"\" class=\"slider-1151 slide-1154 msDefaultImage\" title=\"Am Feldrain\" \/><\/li>\n                <li style=\"display: none; width: 100%;\" class=\"slide-1155 ms-image \" aria-roledescription=\"slide\" data-date=\"2019-06-24 22:19:17\" data-filename=\"IMG_0450_NEU-600x900.jpg\" data-slide-type=\"image\"><img src=\"https:\/\/nordost.altesitte.info\/wp-content\/uploads\/2019\/06\/IMG_0450_NEU-600x900.jpg\" height=\"900\" width=\"600\" alt=\"\" class=\"slider-1151 slide-1155 msDefaultImage\" title=\"Gr\u00fcne H\u00fcgellandschaft\" \/><\/li>\n                <li style=\"display: none; width: 100%;\" class=\"slide-1156 ms-image \" aria-roledescription=\"slide\" data-date=\"2019-06-24 22:19:17\" data-filename=\"IMG_0446_NEU-600x900.jpg\" data-slide-type=\"image\"><img src=\"https:\/\/nordost.altesitte.info\/wp-content\/uploads\/2019\/06\/IMG_0446_NEU-600x900.jpg\" height=\"900\" width=\"600\" alt=\"\" class=\"slider-1151 slide-1156 msDefaultImage\" title=\"M\u00e4chtige Eiche\" \/><\/li>\n                <li style=\"display: none; width: 100%;\" class=\"slide-1157 ms-image \" aria-roledescription=\"slide\" data-date=\"2019-06-24 22:19:17\" data-filename=\"IMG_0442_NEU-600x900.jpg\" data-slide-type=\"image\"><img src=\"https:\/\/nordost.altesitte.info\/wp-content\/uploads\/2019\/06\/IMG_0442_NEU-600x900.jpg\" height=\"900\" width=\"600\" alt=\"\" class=\"slider-1151 slide-1157 msDefaultImage\" title=\"Moor am Warnowtal\" \/><\/li>\n                <li style=\"display: none; width: 100%;\" class=\"slide-1158 ms-image \" aria-roledescription=\"slide\" data-date=\"2019-06-24 22:19:17\" data-filename=\"IMG_0441_NEU-600x900.jpg\" data-slide-type=\"image\"><img src=\"https:\/\/nordost.altesitte.info\/wp-content\/uploads\/2019\/06\/IMG_0441_NEU-600x900.jpg\" height=\"900\" width=\"600\" alt=\"\" class=\"slider-1151 slide-1158 msDefaultImage\" title=\"Megalith-St\u00e4tte mit gro\u00dfem W\u00e4chterstein\" \/><\/li>\n                <li style=\"display: none; width: 100%;\" class=\"slide-1159 ms-image \" aria-roledescription=\"slide\" data-date=\"2019-06-24 22:19:17\" data-filename=\"IMG_0440_NEU-600x900.jpg\" data-slide-type=\"image\"><img src=\"https:\/\/nordost.altesitte.info\/wp-content\/uploads\/2019\/06\/IMG_0440_NEU-600x900.jpg\" height=\"900\" width=\"600\" alt=\"\" class=\"slider-1151 slide-1159 msDefaultImage\" title=\"Findling im Warnowtal\" \/><\/li>\n                <li style=\"display: none; width: 100%;\" class=\"slide-1160 ms-image \" aria-roledescription=\"slide\" data-date=\"2019-06-24 22:19:17\" data-filename=\"IMG_0438_NEU-600x900.jpg\" data-slide-type=\"image\"><img src=\"https:\/\/nordost.altesitte.info\/wp-content\/uploads\/2019\/06\/IMG_0438_NEU-600x900.jpg\" height=\"900\" width=\"600\" alt=\"\" class=\"slider-1151 slide-1160 msDefaultImage\" title=\"Megalith-St\u00e4tte mit gro\u00dfem W\u00e4chterstein\" \/><\/li>\n            <\/ul>\n        <\/div>\n        \n    <\/div>\n<\/div>\n\n\n\n<p><\/p>\n","protected":false},"excerpt":{"rendered":"<p>Unweit von der Landeshauptstadt Schwerin l\u00e4sst sich in&nbsp; eine urtypische Naturlandschaft mit zahlreichen W\u00e4ldern, abgelegenen Mooren und Seen, riesigen Ackerfl\u00e4chen und abgeschiedenen D\u00f6rfern eintauchen. Besonders sch\u00f6n finde ich die Endmor\u00e4nenlandschaft rund um das Warnowtal \u00f6stlich von Schwerin (Warnowtal bei Karnin). Die Entstehung ist dem Schmelzwasser der Eiszeit zu verdanken, das sich von Norden nach S\u00fcden [&hellip;]<\/p>\n","protected":false},"author":1,"featured_media":0,"comment_status":"open","ping_status":"open","sticky":false,"template":"","format":"standard","meta":[],"categories":[1,180,191],"tags":[17],"_links":{"self":[{"href":"https:\/\/nordost.altesitte.info\/index.php?rest_route=\/wp\/v2\/posts\/1138"}],"collection":[{"href":"https:\/\/nordost.altesitte.info\/index.php?rest_route=\/wp\/v2\/posts"}],"about":[{"href":"https:\/\/nordost.altesitte.info\/index.php?rest_route=\/wp\/v2\/types\/post"}],"author":[{"embeddable":true,"href":"https:\/\/nordost.altesitte.info\/index.php?rest_route=\/wp\/v2\/users\/1"}],"replies":[{"embeddable":true,"href":"https:\/\/nordost.altesitte.info\/index.php?rest_route=%2Fwp%2Fv2%2Fcomments&post=1138"}],"version-history":[{"count":7,"href":"https:\/\/nordost.altesitte.info\/index.php?rest_route=\/wp\/v2\/posts\/1138\/revisions"}],"predecessor-version":[{"id":1178,"href":"https:\/\/nordost.altesitte.info\/index.php?rest_route=\/wp\/v2\/posts\/1138\/revisions\/1178"}],"wp:attachment":[{"href":"https:\/\/nordost.altesitte.info\/index.php?rest_route=%2Fwp%2Fv2%2Fmedia&parent=1138"}],"wp:term":[{"taxonomy":"category","embeddable":true,"href":"https:\/\/nordost.altesitte.info\/index.php?rest_route=%2Fwp%2Fv2%2Fcategories&post=1138"},{"taxonomy":"post_tag","embeddable":true,"href":"https:\/\/nordost.altesitte.info\/index.php?rest_route=%2Fwp%2Fv2%2Ftags&post=1138"}],"curies":[{"name":"wp","href":"https:\/\/api.w.org\/{rel}","templated":true}]}}