{"id":1165,"date":"2019-06-26T22:02:43","date_gmt":"2019-06-26T20:02:43","guid":{"rendered":"http:\/\/nordost.altesitte.info\/?p=1165"},"modified":"2019-06-26T22:02:43","modified_gmt":"2019-06-26T20:02:43","slug":"feuer-kuenden-sonnenwende","status":"publish","type":"post","link":"https:\/\/nordost.altesitte.info\/?p=1165","title":{"rendered":"Feuer k\u00fcnden Sonnenwende"},"content":{"rendered":"\n<p style=\"text-align:left\" class=\"has-drop-cap has-medium-font-size\">Feuer k\u00fcnden Sonnenwende<br> Funkengarben teilt der Wind<br> Fr\u00fchlingstage sind zu Ende<br> bald die Erntezeit beginnt<br> Sonnenwende nimmt kein Ende<br> wenn der Sommer auch verrinnt<br> durch das Dunkel, durch die Erde<br> ewig kreist das Jahresrad.  <\/p>\n\n\n\n<p>  Sonne Hagal &#8211; Sonnenwende <\/p>\n\n\n\n<p><\/p>\n\n\n\n<ul class=\"is-layout-flex wp-block-gallery-1 wp-block-gallery columns-3 is-cropped\"><li class=\"blocks-gallery-item\"><figure><img decoding=\"async\" loading=\"lazy\" width=\"706\" height=\"1024\" src=\"http:\/\/nordost.altesitte.info\/wp-content\/uploads\/2019\/06\/IMG_0502-Kopie-706x1024.jpg\" alt=\"\" data-id=\"1175\" data-link=\"http:\/\/nordost.altesitte.info\/?attachment_id=1175\" class=\"wp-image-1175\" srcset=\"https:\/\/nordost.altesitte.info\/wp-content\/uploads\/2019\/06\/IMG_0502-Kopie-706x1024.jpg 706w, https:\/\/nordost.altesitte.info\/wp-content\/uploads\/2019\/06\/IMG_0502-Kopie-345x500.jpg 345w, https:\/\/nordost.altesitte.info\/wp-content\/uploads\/2019\/06\/IMG_0502-Kopie-768x1115.jpg 768w, https:\/\/nordost.altesitte.info\/wp-content\/uploads\/2019\/06\/IMG_0502-Kopie-624x906.jpg 624w, https:\/\/nordost.altesitte.info\/wp-content\/uploads\/2019\/06\/IMG_0502-Kopie.jpg 800w\" sizes=\"(max-width: 706px) 100vw, 706px\" \/><\/figure><\/li><li class=\"blocks-gallery-item\"><figure><img decoding=\"async\" loading=\"lazy\" width=\"1024\" height=\"738\" src=\"http:\/\/nordost.altesitte.info\/wp-content\/uploads\/2019\/06\/IMG_0496-Kopie-1024x738.jpg\" alt=\"\" data-id=\"1174\" data-link=\"http:\/\/nordost.altesitte.info\/?attachment_id=1174\" class=\"wp-image-1174\" srcset=\"https:\/\/nordost.altesitte.info\/wp-content\/uploads\/2019\/06\/IMG_0496-Kopie-1024x738.jpg 1024w, https:\/\/nordost.altesitte.info\/wp-content\/uploads\/2019\/06\/IMG_0496-Kopie-500x360.jpg 500w, https:\/\/nordost.altesitte.info\/wp-content\/uploads\/2019\/06\/IMG_0496-Kopie-768x554.jpg 768w, https:\/\/nordost.altesitte.info\/wp-content\/uploads\/2019\/06\/IMG_0496-Kopie-624x450.jpg 624w, https:\/\/nordost.altesitte.info\/wp-content\/uploads\/2019\/06\/IMG_0496-Kopie.jpg 1200w\" sizes=\"(max-width: 1024px) 100vw, 1024px\" \/><\/figure><\/li><li class=\"blocks-gallery-item\"><figure><img decoding=\"async\" loading=\"lazy\" width=\"682\" height=\"1024\" src=\"http:\/\/nordost.altesitte.info\/wp-content\/uploads\/2019\/06\/IMG_0493-Kopie-682x1024.jpg\" alt=\"\" data-id=\"1173\" data-link=\"http:\/\/nordost.altesitte.info\/?attachment_id=1173\" class=\"wp-image-1173\" srcset=\"https:\/\/nordost.altesitte.info\/wp-content\/uploads\/2019\/06\/IMG_0493-Kopie-682x1024.jpg 682w, https:\/\/nordost.altesitte.info\/wp-content\/uploads\/2019\/06\/IMG_0493-Kopie-333x500.jpg 333w, https:\/\/nordost.altesitte.info\/wp-content\/uploads\/2019\/06\/IMG_0493-Kopie-768x1153.jpg 768w, https:\/\/nordost.altesitte.info\/wp-content\/uploads\/2019\/06\/IMG_0493-Kopie-624x937.jpg 624w, https:\/\/nordost.altesitte.info\/wp-content\/uploads\/2019\/06\/IMG_0493-Kopie.jpg 800w\" sizes=\"(max-width: 682px) 100vw, 682px\" \/><\/figure><\/li><li class=\"blocks-gallery-item\"><figure><img decoding=\"async\" loading=\"lazy\" width=\"729\" height=\"1000\" src=\"http:\/\/nordost.altesitte.info\/wp-content\/uploads\/2019\/06\/IMG_0490-Kopie.jpg\" alt=\"\" data-id=\"1172\" data-link=\"http:\/\/nordost.altesitte.info\/?attachment_id=1172\" class=\"wp-image-1172\" srcset=\"https:\/\/nordost.altesitte.info\/wp-content\/uploads\/2019\/06\/IMG_0490-Kopie.jpg 729w, https:\/\/nordost.altesitte.info\/wp-content\/uploads\/2019\/06\/IMG_0490-Kopie-365x500.jpg 365w, https:\/\/nordost.altesitte.info\/wp-content\/uploads\/2019\/06\/IMG_0490-Kopie-624x856.jpg 624w\" sizes=\"(max-width: 729px) 100vw, 729px\" \/><\/figure><\/li><li class=\"blocks-gallery-item\"><figure><img decoding=\"async\" loading=\"lazy\" width=\"1000\" height=\"816\" src=\"http:\/\/nordost.altesitte.info\/wp-content\/uploads\/2019\/06\/IMG_0487-Kopie.jpg\" alt=\"\" data-id=\"1171\" data-link=\"http:\/\/nordost.altesitte.info\/?attachment_id=1171\" class=\"wp-image-1171\" srcset=\"https:\/\/nordost.altesitte.info\/wp-content\/uploads\/2019\/06\/IMG_0487-Kopie.jpg 1000w, https:\/\/nordost.altesitte.info\/wp-content\/uploads\/2019\/06\/IMG_0487-Kopie-500x408.jpg 500w, https:\/\/nordost.altesitte.info\/wp-content\/uploads\/2019\/06\/IMG_0487-Kopie-768x627.jpg 768w, https:\/\/nordost.altesitte.info\/wp-content\/uploads\/2019\/06\/IMG_0487-Kopie-624x509.jpg 624w\" sizes=\"(max-width: 1000px) 100vw, 1000px\" \/><\/figure><\/li><li class=\"blocks-gallery-item\"><figure><img decoding=\"async\" loading=\"lazy\" width=\"1000\" height=\"734\" src=\"http:\/\/nordost.altesitte.info\/wp-content\/uploads\/2019\/06\/IMG_0486-Kopie.jpg\" alt=\"\" data-id=\"1170\" data-link=\"http:\/\/nordost.altesitte.info\/?attachment_id=1170\" class=\"wp-image-1170\" srcset=\"https:\/\/nordost.altesitte.info\/wp-content\/uploads\/2019\/06\/IMG_0486-Kopie.jpg 1000w, https:\/\/nordost.altesitte.info\/wp-content\/uploads\/2019\/06\/IMG_0486-Kopie-500x367.jpg 500w, https:\/\/nordost.altesitte.info\/wp-content\/uploads\/2019\/06\/IMG_0486-Kopie-768x564.jpg 768w, https:\/\/nordost.altesitte.info\/wp-content\/uploads\/2019\/06\/IMG_0486-Kopie-624x458.jpg 624w\" sizes=\"(max-width: 1000px) 100vw, 1000px\" \/><\/figure><\/li><li class=\"blocks-gallery-item\"><figure><img decoding=\"async\" loading=\"lazy\" width=\"768\" height=\"1024\" src=\"http:\/\/nordost.altesitte.info\/wp-content\/uploads\/2019\/06\/IMG-20190622-WA0007-768x1024.jpg\" alt=\"\" data-id=\"1169\" data-link=\"http:\/\/nordost.altesitte.info\/?attachment_id=1169\" class=\"wp-image-1169\" srcset=\"https:\/\/nordost.altesitte.info\/wp-content\/uploads\/2019\/06\/IMG-20190622-WA0007-768x1024.jpg 768w, https:\/\/nordost.altesitte.info\/wp-content\/uploads\/2019\/06\/IMG-20190622-WA0007-375x500.jpg 375w, https:\/\/nordost.altesitte.info\/wp-content\/uploads\/2019\/06\/IMG-20190622-WA0007-624x832.jpg 624w, https:\/\/nordost.altesitte.info\/wp-content\/uploads\/2019\/06\/IMG-20190622-WA0007.jpg 1200w\" sizes=\"(max-width: 768px) 100vw, 768px\" \/><\/figure><\/li><li class=\"blocks-gallery-item\"><figure><img decoding=\"async\" loading=\"lazy\" width=\"768\" height=\"1024\" src=\"http:\/\/nordost.altesitte.info\/wp-content\/uploads\/2019\/06\/IMG-20190622-WA0025-768x1024.jpg\" alt=\"\" data-id=\"1168\" data-link=\"http:\/\/nordost.altesitte.info\/?attachment_id=1168\" class=\"wp-image-1168\" srcset=\"https:\/\/nordost.altesitte.info\/wp-content\/uploads\/2019\/06\/IMG-20190622-WA0025-768x1024.jpg 768w, https:\/\/nordost.altesitte.info\/wp-content\/uploads\/2019\/06\/IMG-20190622-WA0025-375x500.jpg 375w, https:\/\/nordost.altesitte.info\/wp-content\/uploads\/2019\/06\/IMG-20190622-WA0025-624x832.jpg 624w, https:\/\/nordost.altesitte.info\/wp-content\/uploads\/2019\/06\/IMG-20190622-WA0025.jpg 1200w\" sizes=\"(max-width: 768px) 100vw, 768px\" \/><\/figure><\/li><\/ul>\n\n\n\n<pre class=\"wp-block-verse\">Sommersonnenwende 2019<\/pre>\n\n\n\n<p class=\"has-drop-cap has-medium-font-size\">Hohe Asen, hohe Vanen!<br>\nWir danken euch f\u00fcr die Gaben des Sommers,<br>\nf\u00fcr Wachstum und Fruchtbarkeit, F\u00fclle und Gl\u00fcck.<br>\nGebt uns gute Ernte und Frieden,<br>\nGesundheit und Kraft und heilvolles Wirken.<br>\nBalder, hellster der Asen.<br>\nStrahlend in F\u00fclle, Frieden und Licht.<br>\nGott der Reinheit und des Lebens,<br>\nauf der H\u00f6he seiner Kraft.<br>\nHohe Asen, hohe Vanen!<br>\nWir danken euch f\u00fcr die Gaben des Sommers.<\/p>\n\n\n\n<p><\/p>\n","protected":false},"excerpt":{"rendered":"<p>Feuer k\u00fcnden Sonnenwende Funkengarben teilt der Wind Fr\u00fchlingstage sind zu Ende bald die Erntezeit beginnt Sonnenwende nimmt kein Ende wenn der Sommer auch verrinnt durch das Dunkel, durch die Erde ewig kreist das Jahresrad. Sonne Hagal &#8211; Sonnenwende Sommersonnenwende 2019 Hohe Asen, hohe Vanen! Wir danken euch f\u00fcr die Gaben des Sommers, f\u00fcr Wachstum und [&hellip;]<\/p>\n","protected":false},"author":1,"featured_media":0,"comment_status":"open","ping_status":"open","sticky":false,"template":"","format":"standard","meta":[],"categories":[71,5,7],"tags":[17,111],"_links":{"self":[{"href":"https:\/\/nordost.altesitte.info\/index.php?rest_route=\/wp\/v2\/posts\/1165"}],"collection":[{"href":"https:\/\/nordost.altesitte.info\/index.php?rest_route=\/wp\/v2\/posts"}],"about":[{"href":"https:\/\/nordost.altesitte.info\/index.php?rest_route=\/wp\/v2\/types\/post"}],"author":[{"embeddable":true,"href":"https:\/\/nordost.altesitte.info\/index.php?rest_route=\/wp\/v2\/users\/1"}],"replies":[{"embeddable":true,"href":"https:\/\/nordost.altesitte.info\/index.php?rest_route=%2Fwp%2Fv2%2Fcomments&post=1165"}],"version-history":[{"count":3,"href":"https:\/\/nordost.altesitte.info\/index.php?rest_route=\/wp\/v2\/posts\/1165\/revisions"}],"predecessor-version":[{"id":1176,"href":"https:\/\/nordost.altesitte.info\/index.php?rest_route=\/wp\/v2\/posts\/1165\/revisions\/1176"}],"wp:attachment":[{"href":"https:\/\/nordost.altesitte.info\/index.php?rest_route=%2Fwp%2Fv2%2Fmedia&parent=1165"}],"wp:term":[{"taxonomy":"category","embeddable":true,"href":"https:\/\/nordost.altesitte.info\/index.php?rest_route=%2Fwp%2Fv2%2Fcategories&post=1165"},{"taxonomy":"post_tag","embeddable":true,"href":"https:\/\/nordost.altesitte.info\/index.php?rest_route=%2Fwp%2Fv2%2Ftags&post=1165"}],"curies":[{"name":"wp","href":"https:\/\/api.w.org\/{rel}","templated":true}]}}