{"id":1233,"date":"2019-09-09T20:32:40","date_gmt":"2019-09-09T18:32:40","guid":{"rendered":"http:\/\/nordost.altesitte.info\/?p=1233"},"modified":"2019-09-09T20:54:40","modified_gmt":"2019-09-09T18:54:40","slug":"goettersagen-als-hoerbuch-fuer-kinder","status":"publish","type":"post","link":"https:\/\/nordost.altesitte.info\/?p=1233","title":{"rendered":"G\u00f6ttersagen als H\u00f6rbuch f\u00fcr Kinder"},"content":{"rendered":"\n<p class=\"has-drop-cap\">Unsere Kinder sind jetzt in einem Alter, in dem sie sich aktiv f\u00fcr Dinge interessieren und nachfragen, wenn sie etwas wissen wollen. Zum Beispiel, was denn eigentlich in dem alten Buch mit der gl\u00e4nzenden Aufschrift &#8222;G\u00f6tter- und Heldensagen&#8220; so alles drinsteht, das bei mir auf dem Nachtschrank liegt. Und dann auch noch diese Frakturschrift, die nur der Papa entziffern kann&#8230; und die in Schwarzwei\u00df gehaltenen Strichzeichnungen&#8230; all das sieht so ganz anders aus, als in den \u00fcbrigen B\u00fcchern und erregt das forschende Gem\u00fct&#8230; <\/p>\n\n\n\n<div class=\"wp-block-image\"><figure class=\"aligncenter is-resized\"><img decoding=\"async\" loading=\"lazy\" src=\"http:\/\/nordost.altesitte.info\/wp-content\/uploads\/2019\/09\/IMG_0550-Kopie.jpg\" alt=\"\" class=\"wp-image-1232\" width=\"600\" height=\"466\" srcset=\"https:\/\/nordost.altesitte.info\/wp-content\/uploads\/2019\/09\/IMG_0550-Kopie.jpg 800w, https:\/\/nordost.altesitte.info\/wp-content\/uploads\/2019\/09\/IMG_0550-Kopie-500x388.jpg 500w, https:\/\/nordost.altesitte.info\/wp-content\/uploads\/2019\/09\/IMG_0550-Kopie-768x596.jpg 768w, https:\/\/nordost.altesitte.info\/wp-content\/uploads\/2019\/09\/IMG_0550-Kopie-624x484.jpg 624w\" sizes=\"(max-width: 600px) 100vw, 600px\" \/><\/figure><\/div>\n\n\n\n<p>Also gingen wir vor einer Weile dazu \u00fcber, vorm Insbettgehen immer eine Geschichte aus dem Buch vorzulesen. Ganz vorn dabei: Thors Riesenabenteuer. Das ist nat\u00fcrlich nicht immer ganz leicht, weil die Sprache und Wortwahl f\u00fcr Kinder teils unverst\u00e4ndlich ist und andererseits, weil gewisse Szenen gewalt\u00e4tige Handlungen beschreiben, die kindgerecht umschrieben werden m\u00fcssen, ohne den dahinterliegenden Sinn zu verstellen. Sowas ist auch immer eine Gratwanderung zwischen Detailtiefe und \u00fcberfl\u00fcssiger Ausschm\u00fcckung. Dennoch: Einer Zerst\u00f6rung folgt immer die Neuerschaffung. <\/p>\n\n\n\n<p>Nun h\u00f6ren die beiden generell gerne Kinderh\u00f6rb\u00fccher und kombinierten recht schnell, da\u00df es doch bestimmt auch die G\u00f6ttersagen als H\u00f6rbuch geben m\u00fc\u00dfte&#8230;? Ja, nat\u00fcrlich gibt es das, klar. Doch auch hier wieder; Sprache und Beschreibung der vorgelesenen Texte&#8230; kindgerecht oder nicht? Also bestellte ich drei Exemplare und h\u00f6rte vorab rein.<\/p>\n\n\n\n<div class=\"wp-block-image\"><figure class=\"aligncenter\"><img decoding=\"async\" loading=\"lazy\" width=\"800\" height=\"702\" src=\"http:\/\/nordost.altesitte.info\/wp-content\/uploads\/2019\/09\/IMG_0541-Kopie.jpg\" alt=\"\" class=\"wp-image-1231\" srcset=\"https:\/\/nordost.altesitte.info\/wp-content\/uploads\/2019\/09\/IMG_0541-Kopie.jpg 800w, https:\/\/nordost.altesitte.info\/wp-content\/uploads\/2019\/09\/IMG_0541-Kopie-500x439.jpg 500w, https:\/\/nordost.altesitte.info\/wp-content\/uploads\/2019\/09\/IMG_0541-Kopie-768x674.jpg 768w, https:\/\/nordost.altesitte.info\/wp-content\/uploads\/2019\/09\/IMG_0541-Kopie-624x548.jpg 624w\" sizes=\"(max-width: 800px) 100vw, 800px\" \/><\/figure><\/div>\n\n\n\n<p>Pr\u00e4gnant ist gleich zu Beginn die Szene des kosmogonischen Mythos um Ymir: Die ersten G\u00f6tter, Odin, V\u00e9 und Vili, t\u00f6ten Ymir und bauen aus seinen K\u00f6rperteilen die Welt: aus seinem Fleisch die Erde, aus dem Blut das Meer, aus seinen Knochen Felsen und Gebirge, aus seinem Haar die B\u00e4ume, aus seinen Augenbrauen Midgard, aus seinem Sch\u00e4del den Himmel und aus seinem Gehirn die Wolken. Die Zerteilung Ymirs kann ganz unterschiedlich ausgeschm\u00fcckt werden.<\/p>\n\n\n\n<p>Die zweite Szene, die sich auch ziemlich am Anfang abspielt und einen guten Anhaltspunkt gibt, ist Odins Ankunft an Mimirs Brunnen. Damit Odin aus der Quelle der Weisheit trinken kann, mu\u00df er sein Auge opfern und in den Brunnen legen. Sein Auge herausrei\u00dfen oder irgendwie mit einem Messer heraustrennen ist viel zu detailliert und nicht kindgerecht. Hingegen &#8211; Odin legt sein Auge in den Brunnen oder ins Wasser ist vollkommen ausreichend und beschreibt trotzdem die dahinterliegende Idee.<\/p>\n\n\n\n<p><strong>Als kurzes Fazit l\u00e4\u00dft sich festhalten: <\/strong><br><strong>a<\/strong>) Rechts oben &#8222;Sagen aus dem hohen Norden&#8220; ist gut erz\u00e4hlt, aber eindeutig f\u00fcr Erwachsene. <br><strong>b<\/strong>) Unten von Neil Gaiman &#8222;Nordische Mythen und Sagen&#8220; halte ich durchaus f\u00fcr Kinder ab 7 Jahre geeignet. Zwar wirkt das Cover mit dem b\u00f6s&#8216; dreinblickenden Wolfskopf auf den ersten Blick etwas be\u00e4ngstigend (auf Kinder), steigert aber eher das Interesse durch die Faszination des Schaurigen.<br><strong>c<\/strong>) Links oben &#8222;Die gro\u00dfe H\u00f6rbuchbox der Nordischen Sagen&#8220; halte ich pers\u00f6nlich f\u00fcr durchgehend kindgerecht gestaltet, was sich nicht nur an den lustigen Bildern zeigt, sondern auch inhaltlich widerspiegelt.<\/p>\n","protected":false},"excerpt":{"rendered":"<p>Unsere Kinder sind jetzt in einem Alter, in dem sie sich aktiv f\u00fcr Dinge interessieren und nachfragen, wenn sie etwas wissen wollen. Zum Beispiel, was denn eigentlich in dem alten Buch mit der gl\u00e4nzenden Aufschrift &#8222;G\u00f6tter- und Heldensagen&#8220; so alles drinsteht, das bei mir auf dem Nachtschrank liegt. Und dann auch noch diese Frakturschrift, die [&hellip;]<\/p>\n","protected":false},"author":1,"featured_media":0,"comment_status":"open","ping_status":"open","sticky":false,"template":"","format":"standard","meta":[],"categories":[1,9,49],"tags":[174,204,203],"_links":{"self":[{"href":"https:\/\/nordost.altesitte.info\/index.php?rest_route=\/wp\/v2\/posts\/1233"}],"collection":[{"href":"https:\/\/nordost.altesitte.info\/index.php?rest_route=\/wp\/v2\/posts"}],"about":[{"href":"https:\/\/nordost.altesitte.info\/index.php?rest_route=\/wp\/v2\/types\/post"}],"author":[{"embeddable":true,"href":"https:\/\/nordost.altesitte.info\/index.php?rest_route=\/wp\/v2\/users\/1"}],"replies":[{"embeddable":true,"href":"https:\/\/nordost.altesitte.info\/index.php?rest_route=%2Fwp%2Fv2%2Fcomments&post=1233"}],"version-history":[{"count":9,"href":"https:\/\/nordost.altesitte.info\/index.php?rest_route=\/wp\/v2\/posts\/1233\/revisions"}],"predecessor-version":[{"id":1242,"href":"https:\/\/nordost.altesitte.info\/index.php?rest_route=\/wp\/v2\/posts\/1233\/revisions\/1242"}],"wp:attachment":[{"href":"https:\/\/nordost.altesitte.info\/index.php?rest_route=%2Fwp%2Fv2%2Fmedia&parent=1233"}],"wp:term":[{"taxonomy":"category","embeddable":true,"href":"https:\/\/nordost.altesitte.info\/index.php?rest_route=%2Fwp%2Fv2%2Fcategories&post=1233"},{"taxonomy":"post_tag","embeddable":true,"href":"https:\/\/nordost.altesitte.info\/index.php?rest_route=%2Fwp%2Fv2%2Ftags&post=1233"}],"curies":[{"name":"wp","href":"https:\/\/api.w.org\/{rel}","templated":true}]}}