{"id":1251,"date":"2019-09-29T20:34:30","date_gmt":"2019-09-29T18:34:30","guid":{"rendered":"http:\/\/nordost.altesitte.info\/?p=1251"},"modified":"2019-09-29T20:34:30","modified_gmt":"2019-09-29T18:34:30","slug":"herbstlicht-im-walddunkel","status":"publish","type":"post","link":"https:\/\/nordost.altesitte.info\/?p=1251","title":{"rendered":"Herbstlicht im Walddunkel"},"content":{"rendered":"\n<blockquote class=\"wp-block-quote is-style-large\"><p>W\u00fcrdig wissen Wald und Fels mit dir zu schweigen. Gleiche wieder dem Baume, den du liebst, dem breit\u00e4stigen: still und aufhorchend h\u00e4ngt er \u00fcber dem Meere. <\/p><cite>Nietzsche<\/cite><\/blockquote>\n\n\n\n<div class=\"wp-block-image\"><figure class=\"aligncenter is-resized\"><img decoding=\"async\" loading=\"lazy\" src=\"http:\/\/nordost.altesitte.info\/wp-content\/uploads\/2019\/09\/IMG_0566_NEU-Kopie-704x1024.jpg\" alt=\"\" class=\"wp-image-1247\" width=\"352\" height=\"512\" srcset=\"https:\/\/nordost.altesitte.info\/wp-content\/uploads\/2019\/09\/IMG_0566_NEU-Kopie-704x1024.jpg 704w, https:\/\/nordost.altesitte.info\/wp-content\/uploads\/2019\/09\/IMG_0566_NEU-Kopie-344x500.jpg 344w, https:\/\/nordost.altesitte.info\/wp-content\/uploads\/2019\/09\/IMG_0566_NEU-Kopie-768x1117.jpg 768w, https:\/\/nordost.altesitte.info\/wp-content\/uploads\/2019\/09\/IMG_0566_NEU-Kopie-624x908.jpg 624w, https:\/\/nordost.altesitte.info\/wp-content\/uploads\/2019\/09\/IMG_0566_NEU-Kopie.jpg 800w\" sizes=\"(max-width: 352px) 100vw, 352px\" \/><\/figure><\/div>\n\n\n\n<p>Letztes Wochenende war Herbst-Tagundnachtgleiche am 21.\/22.September und damit auch die Zeit des <a rel=\"noreferrer noopener\" aria-label=\"Herbstopfers (\u00f6ffnet in neuem Tab)\" href=\"http:\/\/asentr.eu\/f_herb.html\" target=\"_blank\">Herbstopfers<\/a>.  Wir f\u00fchlen, da\u00df der Sommer so langsam vor\u00fcber ist &#8211; auch wenn es durchaus noch warm sein mag. Die Felder sind abgeerntet und die ersten V\u00f6gel verlassen uns schon wieder Richtung S\u00fcden. Wir jedoch bleiben hier in unserer Heimat, wo wir in die ewige Spirale des Jahresrads eingebunden sind. War es eine gute Ernte? Das mu\u00df in der heutigen Zeit jeder f\u00fcr sich beantworten, da die meisten von uns nicht mehr im b\u00e4uerlichen Bereich t\u00e4tig sind. Herbstfest, das hei\u00dft immer auch ein wenig Res\u00fcmee halten: das Jahr geht zu Ende &#8211; was hatte ich mir vorgenommen? Was habe ich erreicht? Was kann ich noch ver\u00e4ndern, um zum Julfest das Jahr zufrieden abschlie\u00dfen zu k\u00f6nnen? <\/p>\n\n\n\n<p>Wir haben die Zeit genutzt und eine kleine Wanderung durch den Wald unternommen:<\/p>\n\n\n\n<p>Ein Meer von Bl\u00e4ttern umringt uns, als wir den Wald betreten. Des Waldes Dunkel &#8211; wir treten ein. Wie durch ein Tor, vom Alltag in das Besondere. Und in diesem ersten Hauch des Herbstes wollen wir ein St\u00fcck den Wald durchwandern. Durch dieses alte Land, vorbei an den H\u00fcgeln der Ahnen, an den Felsen der Vorzeit, die zwischen den hohen St\u00e4mmen schlummern.<\/p>\n\n\n\n<div class=\"wp-block-image\"><figure class=\"aligncenter is-resized\"><img decoding=\"async\" loading=\"lazy\" src=\"http:\/\/nordost.altesitte.info\/wp-content\/uploads\/2019\/09\/IMG_0554_NEU-Kopie-779x1024.jpg\" alt=\"\" class=\"wp-image-1245\" width=\"390\" height=\"512\" srcset=\"https:\/\/nordost.altesitte.info\/wp-content\/uploads\/2019\/09\/IMG_0554_NEU-Kopie-779x1024.jpg 779w, https:\/\/nordost.altesitte.info\/wp-content\/uploads\/2019\/09\/IMG_0554_NEU-Kopie-381x500.jpg 381w, https:\/\/nordost.altesitte.info\/wp-content\/uploads\/2019\/09\/IMG_0554_NEU-Kopie-768x1009.jpg 768w, https:\/\/nordost.altesitte.info\/wp-content\/uploads\/2019\/09\/IMG_0554_NEU-Kopie-624x820.jpg 624w, https:\/\/nordost.altesitte.info\/wp-content\/uploads\/2019\/09\/IMG_0554_NEU-Kopie.jpg 800w\" sizes=\"(max-width: 390px) 100vw, 390px\" \/><\/figure><\/div>\n\n\n\n<div class=\"wp-block-image\"><figure class=\"aligncenter is-resized\"><img decoding=\"async\" loading=\"lazy\" src=\"http:\/\/nordost.altesitte.info\/wp-content\/uploads\/2019\/09\/IMG_0556_NEU-Kopie.jpg\" alt=\"\" class=\"wp-image-1246\" width=\"400\" height=\"511\" srcset=\"https:\/\/nordost.altesitte.info\/wp-content\/uploads\/2019\/09\/IMG_0556_NEU-Kopie.jpg 800w, https:\/\/nordost.altesitte.info\/wp-content\/uploads\/2019\/09\/IMG_0556_NEU-Kopie-391x500.jpg 391w, https:\/\/nordost.altesitte.info\/wp-content\/uploads\/2019\/09\/IMG_0556_NEU-Kopie-768x981.jpg 768w, https:\/\/nordost.altesitte.info\/wp-content\/uploads\/2019\/09\/IMG_0556_NEU-Kopie-624x797.jpg 624w\" sizes=\"(max-width: 400px) 100vw, 400px\" \/><\/figure><\/div>\n\n\n\n<p>Die Sonne scheint und es wird wohl einer der letzten sp\u00e4tsommerlichen Tage sein, die den \u00dcbergang bilden&#8230; die uns hin\u00fcber geleiten in die dunkle Jahreszeit.<\/p>\n\n\n\n<div class=\"wp-block-image\"><figure class=\"aligncenter is-resized\"><img decoding=\"async\" loading=\"lazy\" src=\"http:\/\/nordost.altesitte.info\/wp-content\/uploads\/2019\/09\/IMG_0596_NEU-Kopie-729x1024.jpg\" alt=\"\" class=\"wp-image-1244\" width=\"365\" height=\"512\" srcset=\"https:\/\/nordost.altesitte.info\/wp-content\/uploads\/2019\/09\/IMG_0596_NEU-Kopie-729x1024.jpg 729w, https:\/\/nordost.altesitte.info\/wp-content\/uploads\/2019\/09\/IMG_0596_NEU-Kopie-356x500.jpg 356w, https:\/\/nordost.altesitte.info\/wp-content\/uploads\/2019\/09\/IMG_0596_NEU-Kopie-768x1078.jpg 768w, https:\/\/nordost.altesitte.info\/wp-content\/uploads\/2019\/09\/IMG_0596_NEU-Kopie-624x876.jpg 624w, https:\/\/nordost.altesitte.info\/wp-content\/uploads\/2019\/09\/IMG_0596_NEU-Kopie.jpg 800w\" sizes=\"(max-width: 365px) 100vw, 365px\" \/><\/figure><\/div>\n\n\n\n<p>Durch den Wald f\u00fchrt ein Weg. Nach einer Weile verlassen wir ihn und gehen an einem Waldbach entlang. An einer besonders sch\u00f6nen Stelle machen wir Halt und genie\u00dfen das leise Gluckern des Wassers inmitten der Farne&#8230; Hier lassen wir uns nieder und bereiten ein kleines Herbstbl\u00f3t vor.<\/p>\n\n\n\n<div class=\"wp-block-image\"><figure class=\"aligncenter is-resized\"><img decoding=\"async\" loading=\"lazy\" src=\"http:\/\/nordost.altesitte.info\/wp-content\/uploads\/2019\/09\/IMG_0578-Kopie-703x1024.jpg\" alt=\"\" class=\"wp-image-1248\" width=\"352\" height=\"512\" srcset=\"https:\/\/nordost.altesitte.info\/wp-content\/uploads\/2019\/09\/IMG_0578-Kopie-703x1024.jpg 703w, https:\/\/nordost.altesitte.info\/wp-content\/uploads\/2019\/09\/IMG_0578-Kopie-343x500.jpg 343w, https:\/\/nordost.altesitte.info\/wp-content\/uploads\/2019\/09\/IMG_0578-Kopie-768x1119.jpg 768w, https:\/\/nordost.altesitte.info\/wp-content\/uploads\/2019\/09\/IMG_0578-Kopie-624x909.jpg 624w, https:\/\/nordost.altesitte.info\/wp-content\/uploads\/2019\/09\/IMG_0578-Kopie.jpg 800w\" sizes=\"(max-width: 352px) 100vw, 352px\" \/><\/figure><\/div>\n\n\n\n<blockquote style=\"text-align:center\" class=\"wp-block-quote is-style-large\"><p>Erhebt das Horn. Danket den Waltenden, den Asen und Wanen, den Wesen in Feld und Flur, den Alben und Disen. Wir halten einen Moment inne und bringen unsere Gaben dar &#8211; zum Danke f\u00fcr ein gutes Jahr. <\/p><p>Regenschauer und Sonnenschein sendest du Midgard,<br>wo Menschen dich rufen, Fro Ing!<br>Offenbare dich in nachtdunklen W\u00e4ldern des Nordens,<br>und in lichten Laubhainen \u00fcber die wei\u00dfe Wolken eilen<br>wie Skidbladnir mit gebl\u00e4htem Segel.<\/p><p>In alten Hainen sehen wir dich,<br>Im R\u00f6hren des Hirschs h\u00f6ren wir dich,<br>Im herzhaften Brot schmecken wir dich,<br>Im Schlagen unserer Herzen f\u00fchlen wir dich;<br>Fro Ing! <\/p><p>Wir danken f\u00fcr ein gutes Jahr und w\u00fcnschen Gl\u00fcck im n\u00e4chsten.<\/p><\/blockquote>\n\n\n\n<div class=\"wp-block-image\"><figure class=\"aligncenter is-resized\"><img decoding=\"async\" loading=\"lazy\" src=\"http:\/\/nordost.altesitte.info\/wp-content\/uploads\/2019\/09\/IMG_0585_NEU-Kopie-733x1024.jpg\" alt=\"\" class=\"wp-image-1249\" width=\"367\" height=\"512\" srcset=\"https:\/\/nordost.altesitte.info\/wp-content\/uploads\/2019\/09\/IMG_0585_NEU-Kopie-733x1024.jpg 733w, https:\/\/nordost.altesitte.info\/wp-content\/uploads\/2019\/09\/IMG_0585_NEU-Kopie-358x500.jpg 358w, https:\/\/nordost.altesitte.info\/wp-content\/uploads\/2019\/09\/IMG_0585_NEU-Kopie-768x1073.jpg 768w, https:\/\/nordost.altesitte.info\/wp-content\/uploads\/2019\/09\/IMG_0585_NEU-Kopie-624x872.jpg 624w, https:\/\/nordost.altesitte.info\/wp-content\/uploads\/2019\/09\/IMG_0585_NEU-Kopie.jpg 800w\" sizes=\"(max-width: 367px) 100vw, 367px\" \/><\/figure><\/div>\n\n\n\n<p>Tauche ein in das Dunkel des Waldes. Herbstlicht glitzert durch das hohe Bl\u00e4tterdach. Hier&#8230; abseits des Alltags, des L\u00e4rms und der Gesch\u00e4ftigkeit des gew\u00f6hnlichen Lebens&#8230; tauchen wir ein in die erhabene , ja majest\u00e4tische Welt zwischen Himmel und Erde, die uns ganz aufnimmt in ihre Sph\u00e4re und mit intensiven Eindr\u00fccken umgibt, um uns danach wieder freizulassen mit all  den Impressionen und Gedanken. <\/p>\n\n\n\n<div class=\"wp-block-image\"><figure class=\"aligncenter\"><img decoding=\"async\" loading=\"lazy\" width=\"1000\" height=\"713\" src=\"http:\/\/nordost.altesitte.info\/wp-content\/uploads\/2019\/09\/IMG_0587_NEU-Kopie.jpg\" alt=\"\" class=\"wp-image-1250\" srcset=\"https:\/\/nordost.altesitte.info\/wp-content\/uploads\/2019\/09\/IMG_0587_NEU-Kopie.jpg 1000w, https:\/\/nordost.altesitte.info\/wp-content\/uploads\/2019\/09\/IMG_0587_NEU-Kopie-500x357.jpg 500w, https:\/\/nordost.altesitte.info\/wp-content\/uploads\/2019\/09\/IMG_0587_NEU-Kopie-768x548.jpg 768w, https:\/\/nordost.altesitte.info\/wp-content\/uploads\/2019\/09\/IMG_0587_NEU-Kopie-624x445.jpg 624w\" sizes=\"(max-width: 1000px) 100vw, 1000px\" \/><\/figure><\/div>\n","protected":false},"excerpt":{"rendered":"<p>W\u00fcrdig wissen Wald und Fels mit dir zu schweigen. Gleiche wieder dem Baume, den du liebst, dem breit\u00e4stigen: still und aufhorchend h\u00e4ngt er \u00fcber dem Meere. Nietzsche Letztes Wochenende war Herbst-Tagundnachtgleiche am 21.\/22.September und damit auch die Zeit des Herbstopfers. Wir f\u00fchlen, da\u00df der Sommer so langsam vor\u00fcber ist &#8211; auch wenn es durchaus noch [&hellip;]<\/p>\n","protected":false},"author":1,"featured_media":0,"comment_status":"open","ping_status":"open","sticky":false,"template":"","format":"standard","meta":[],"categories":[37,71,180],"tags":[35,39],"_links":{"self":[{"href":"https:\/\/nordost.altesitte.info\/index.php?rest_route=\/wp\/v2\/posts\/1251"}],"collection":[{"href":"https:\/\/nordost.altesitte.info\/index.php?rest_route=\/wp\/v2\/posts"}],"about":[{"href":"https:\/\/nordost.altesitte.info\/index.php?rest_route=\/wp\/v2\/types\/post"}],"author":[{"embeddable":true,"href":"https:\/\/nordost.altesitte.info\/index.php?rest_route=\/wp\/v2\/users\/1"}],"replies":[{"embeddable":true,"href":"https:\/\/nordost.altesitte.info\/index.php?rest_route=%2Fwp%2Fv2%2Fcomments&post=1251"}],"version-history":[{"count":6,"href":"https:\/\/nordost.altesitte.info\/index.php?rest_route=\/wp\/v2\/posts\/1251\/revisions"}],"predecessor-version":[{"id":1257,"href":"https:\/\/nordost.altesitte.info\/index.php?rest_route=\/wp\/v2\/posts\/1251\/revisions\/1257"}],"wp:attachment":[{"href":"https:\/\/nordost.altesitte.info\/index.php?rest_route=%2Fwp%2Fv2%2Fmedia&parent=1251"}],"wp:term":[{"taxonomy":"category","embeddable":true,"href":"https:\/\/nordost.altesitte.info\/index.php?rest_route=%2Fwp%2Fv2%2Fcategories&post=1251"},{"taxonomy":"post_tag","embeddable":true,"href":"https:\/\/nordost.altesitte.info\/index.php?rest_route=%2Fwp%2Fv2%2Ftags&post=1251"}],"curies":[{"name":"wp","href":"https:\/\/api.w.org\/{rel}","templated":true}]}}