{"id":345,"date":"2017-01-22T15:04:35","date_gmt":"2017-01-22T14:04:35","guid":{"rendered":"http:\/\/nordost.altesitte.info\/?p=345"},"modified":"2017-01-22T15:04:35","modified_gmt":"2017-01-22T14:04:35","slug":"jahreskreis-2017","status":"publish","type":"post","link":"https:\/\/nordost.altesitte.info\/?p=345","title":{"rendered":"Jahreskreis 2017"},"content":{"rendered":"<p>Wie jedes Jahr l\u00e4\u00dft sich \u00fcber die Zeitpunkte trefflich diskutieren, wann die Jahresfeste am Besten zu feiern w\u00e4ren.\u00a0Und wie immer halte ich mich aus derlei Diskussionen gepflegt raus, weil ich a) der Meinung bin, da\u00df sowieso jeder seinen eigenen Weg finden mu\u00df, und b) ich die Ergebnisse meiner Erw\u00e4gungen nie als allg\u00fcltige Wahrheit ansehe.<br \/>\nEs kann immer sein, da\u00df pl\u00f6tzlich an der n\u00e4chsten Gedankenecke ein \u00fcbersehenes Detail hervorspringt und die Kompa\u00dfnadel, trotz sorgf\u00e4ltiger Abw\u00e4gungen, graduell ver\u00e4ndert. Bei der Einordnung der Jahresfeste handelt es sich aber im Grunde um Ankerpunkte, die einen gewissen Raum markieren, in dem sich ein Bl\u00f3t verorten l\u00e4\u00dft, ggf. unter Ber\u00fccksichtigung regionaler Variablen.<\/p>\n<p>Die \u00dcberlegungen, die ich zu den Jahresfesten angestellt habe, lassen sich <a href=\"http:\/\/www.asentr.eu\/feste.html\" target=\"_blank\">hier<\/a> nachlesen. Daraus ergeben sich f\u00fcr mich folgende Daten:<\/p>\n<p><strong>11.02. &#8211; Disenbl\u00f3t (Februar Vollmond)<\/strong><br \/>\n<strong>20.03. &#8211; Fr\u00fchjahrsbl\u00f3t bzw. Ostara (Tagundnachtgleiche)<\/strong><br \/>\n<strong>30.04. &#8211; Sigrbl\u00f3t (\u00dcbergang April \/ Mai)<\/strong><br \/>\n<strong>21.06. &#8211; Mittsommerbl\u00f3t (Sommersonnenwende)<\/strong><br \/>\n<strong>22.09. &#8211; Herbstbl\u00f3t (Tagundnachtgleiche)<\/strong><br \/>\n<strong>05.10. &#8211; Wintern\u00e4chtebl\u00f3t (Oktober Vollmond)<\/strong><br \/>\n<strong>21.12. &#8211; Julbl\u00f3t (Wintersonnenwende)<\/strong><\/p>\n<p>Und wem noch so manche Diskussion um Authentizit\u00e4t in den Ohren liegt, dem wird eventuell auffallen, da\u00df sich die dargestellten Jahresdaten weder in einem vierspeichigen, noch in einem achtspeichigen Rad abbilden lassen.<br \/>\nDas in heidnischen Kreisen h\u00e4ufig anzutreffende achtspeichige Rad sieht sich ja dem Vorwurf ausgesetzt,\u00a0aus <a href=\"https:\/\/de.wikipedia.org\/wiki\/Wicca\" target=\"_blank\">Wicca-Richtung<\/a> beeinflusst worden zu sein, was m\u00f6glicherweise nicht ganz von der Hand zu weisen ist, ich hier aber auch gar nicht werten m\u00f6chte.<br \/>\nDen hier dargestellten Jahresdaten liegen die vier solaren Zeitpunkte (Sommer- und Wintersonnenwende, sowie die Tagundnachtgleichen in Fr\u00fchjahr und Herbst) zugrunde, erweitert um die Feste Disenbl\u00f3t, Sigrbl\u00f3t und Wintern\u00e4chtebl\u00f3t, welche quellentechnisch gut \u00fcberliefert sind.<\/p>\n","protected":false},"excerpt":{"rendered":"<p>Wie jedes Jahr l\u00e4\u00dft sich \u00fcber die Zeitpunkte trefflich diskutieren, wann die Jahresfeste am Besten zu feiern w\u00e4ren.\u00a0Und wie immer halte ich mich aus derlei Diskussionen gepflegt raus, weil ich a) der Meinung bin, da\u00df sowieso jeder seinen eigenen Weg finden mu\u00df, und b) ich die Ergebnisse meiner Erw\u00e4gungen nie als allg\u00fcltige Wahrheit ansehe. Es [&hellip;]<\/p>\n","protected":false},"author":1,"featured_media":0,"comment_status":"open","ping_status":"open","sticky":false,"template":"","format":"standard","meta":[],"categories":[1,71],"tags":[17],"_links":{"self":[{"href":"https:\/\/nordost.altesitte.info\/index.php?rest_route=\/wp\/v2\/posts\/345"}],"collection":[{"href":"https:\/\/nordost.altesitte.info\/index.php?rest_route=\/wp\/v2\/posts"}],"about":[{"href":"https:\/\/nordost.altesitte.info\/index.php?rest_route=\/wp\/v2\/types\/post"}],"author":[{"embeddable":true,"href":"https:\/\/nordost.altesitte.info\/index.php?rest_route=\/wp\/v2\/users\/1"}],"replies":[{"embeddable":true,"href":"https:\/\/nordost.altesitte.info\/index.php?rest_route=%2Fwp%2Fv2%2Fcomments&post=345"}],"version-history":[{"count":1,"href":"https:\/\/nordost.altesitte.info\/index.php?rest_route=\/wp\/v2\/posts\/345\/revisions"}],"predecessor-version":[{"id":346,"href":"https:\/\/nordost.altesitte.info\/index.php?rest_route=\/wp\/v2\/posts\/345\/revisions\/346"}],"wp:attachment":[{"href":"https:\/\/nordost.altesitte.info\/index.php?rest_route=%2Fwp%2Fv2%2Fmedia&parent=345"}],"wp:term":[{"taxonomy":"category","embeddable":true,"href":"https:\/\/nordost.altesitte.info\/index.php?rest_route=%2Fwp%2Fv2%2Fcategories&post=345"},{"taxonomy":"post_tag","embeddable":true,"href":"https:\/\/nordost.altesitte.info\/index.php?rest_route=%2Fwp%2Fv2%2Ftags&post=345"}],"curies":[{"name":"wp","href":"https:\/\/api.w.org\/{rel}","templated":true}]}}