{"id":372,"date":"2017-02-02T19:03:10","date_gmt":"2017-02-02T18:03:10","guid":{"rendered":"http:\/\/nordost.altesitte.info\/?p=372"},"modified":"2017-02-03T13:12:37","modified_gmt":"2017-02-03T12:12:37","slug":"begriffsbestimmung-was-ist-heidentum","status":"publish","type":"post","link":"https:\/\/nordost.altesitte.info\/?p=372","title":{"rendered":"Begriffsbestimmung: Was ist Heidentum?"},"content":{"rendered":"<p>Baal M\u00fcller, dezidierter Kenner der heidnischen Szene in Deutschland und Initiator verschiedenster Projekte (u.a. <a href=\"https:\/\/wendisches-heidentum.jimdo.com\" target=\"_blank\">Wendisches Heidentum<\/a>), hat vor einiger Zeit auf seiner privaten Website einen Artikel ver\u00f6ffentlicht, in dem er die Grundbegriffe und Abgrenzungen des Heidentums in heutiger Zeit beschreibt. Ein aus meiner Sicht mehr als empfehlenswerter Grundlagentext. Frei verf\u00fcgbar gibt es kaum eine bessere Darstellung, soweit mir zumindest bekannt ist.<\/p>\n<p>Und angesichts der erm\u00fcdenden Redundanz in der etablierten Szene, die sich vielfach in den \u00f6ffentlichen Foren und sozialen Medien darstellt, eine erfrischende Standortbestimmung jenseits des Mainstreams, der sich vielerorts breitmacht. Regelm\u00e4\u00dfig werden zu bestimmten Zeiten immer wieder die gleichen Themen durchgekaut und jetzt zu Jahresanfang, wie sollte es anders sein, geht&#8217;s wieder um die Jahresfeste&#8230; welche da richtig w\u00e4ren, welche da falsch w\u00e4ren&#8230; also klassische true-or-not-true-Diskussionen, aus denen man sich gepflegt raushalten sollte, wenn man seine Kr\u00e4fte nicht sinnlos zerfasern m\u00f6chte. Sollen die einen doch ihr Julfest im Januar und ihr Mittsommer im Juli feiern, wen interessiert&#8217;s? Oder zur Abwechselung vielleicht mal was ganz anderes wagen und die Wintersonnenwende im Sommer feiern?<\/p>\n<p><strong>Hingegen<\/strong>: Wer seine intuitiven und inspirativen Kr\u00e4fte in sinnvolle Bahnen lenken m\u00f6chte, besch\u00e4ftigt sich lieber mit Basiskomponenten. Dazu z\u00e4hlt&#8230;<\/p>\n<p><a href=\"https:\/\/www.baalmueller.de\/philosophie\/heidentum\/\" target=\"_blank\">Baal M\u00fcller &#8211; Einige Betrachtungen zu einem philosophischen (Neo-)Paganismus<\/a><\/p>\n","protected":false},"excerpt":{"rendered":"<p>Baal M\u00fcller, dezidierter Kenner der heidnischen Szene in Deutschland und Initiator verschiedenster Projekte (u.a. Wendisches Heidentum), hat vor einiger Zeit auf seiner privaten Website einen Artikel ver\u00f6ffentlicht, in dem er die Grundbegriffe und Abgrenzungen des Heidentums in heutiger Zeit beschreibt. Ein aus meiner Sicht mehr als empfehlenswerter Grundlagentext. Frei verf\u00fcgbar gibt es kaum eine bessere [&hellip;]<\/p>\n","protected":false},"author":1,"featured_media":0,"comment_status":"open","ping_status":"open","sticky":false,"template":"","format":"standard","meta":[],"categories":[1],"tags":[50,51],"_links":{"self":[{"href":"https:\/\/nordost.altesitte.info\/index.php?rest_route=\/wp\/v2\/posts\/372"}],"collection":[{"href":"https:\/\/nordost.altesitte.info\/index.php?rest_route=\/wp\/v2\/posts"}],"about":[{"href":"https:\/\/nordost.altesitte.info\/index.php?rest_route=\/wp\/v2\/types\/post"}],"author":[{"embeddable":true,"href":"https:\/\/nordost.altesitte.info\/index.php?rest_route=\/wp\/v2\/users\/1"}],"replies":[{"embeddable":true,"href":"https:\/\/nordost.altesitte.info\/index.php?rest_route=%2Fwp%2Fv2%2Fcomments&post=372"}],"version-history":[{"count":3,"href":"https:\/\/nordost.altesitte.info\/index.php?rest_route=\/wp\/v2\/posts\/372\/revisions"}],"predecessor-version":[{"id":375,"href":"https:\/\/nordost.altesitte.info\/index.php?rest_route=\/wp\/v2\/posts\/372\/revisions\/375"}],"wp:attachment":[{"href":"https:\/\/nordost.altesitte.info\/index.php?rest_route=%2Fwp%2Fv2%2Fmedia&parent=372"}],"wp:term":[{"taxonomy":"category","embeddable":true,"href":"https:\/\/nordost.altesitte.info\/index.php?rest_route=%2Fwp%2Fv2%2Fcategories&post=372"},{"taxonomy":"post_tag","embeddable":true,"href":"https:\/\/nordost.altesitte.info\/index.php?rest_route=%2Fwp%2Fv2%2Ftags&post=372"}],"curies":[{"name":"wp","href":"https:\/\/api.w.org\/{rel}","templated":true}]}}