{"id":400,"date":"2017-02-25T07:06:57","date_gmt":"2017-02-25T06:06:57","guid":{"rendered":"http:\/\/nordost.altesitte.info\/?p=400"},"modified":"2017-02-25T07:07:17","modified_gmt":"2017-02-25T06:07:17","slug":"schwarz-gefiederter-besuch","status":"publish","type":"post","link":"https:\/\/nordost.altesitte.info\/?p=400","title":{"rendered":"Schwarz gefiederter Besuch"},"content":{"rendered":"<p>Man muss eigentlich nicht mal genau hinsehen, um die Saatkr\u00e4he von der nah verwandten Rabenkr\u00e4he zu unterscheiden. Noch deutlicher ist der Unterschied zum Raben. Saatkr\u00e4hen sind kleiner und schlanker und haben ein metallisch gl\u00e4nzendes Gefieder. Besonders im Winter finden sie sich an gemeinsamen Schlafpl\u00e4tzen ein. Hier bei uns im Ort ist das gut zu beobachten. Ringsum sitzen sie in Schw\u00e4rmen in den hohen B\u00e4umen und an den Feldr\u00e4ndern heben sie sich kontrastreich aus dem tristen Winterbild ab.<!--more--><\/p>\n<div id=\"attachment_403\" style=\"width: 510px\" class=\"wp-caption aligncenter\"><img aria-describedby=\"caption-attachment-403\" decoding=\"async\" loading=\"lazy\" class=\"size-medium wp-image-403\" src=\"http:\/\/nordost.altesitte.info\/wp-content\/uploads\/2017\/02\/IMG_7171-Kopie-500x365.jpg\" alt=\"\" width=\"500\" height=\"365\" srcset=\"https:\/\/nordost.altesitte.info\/wp-content\/uploads\/2017\/02\/IMG_7171-Kopie-500x365.jpg 500w, https:\/\/nordost.altesitte.info\/wp-content\/uploads\/2017\/02\/IMG_7171-Kopie-768x561.jpg 768w, https:\/\/nordost.altesitte.info\/wp-content\/uploads\/2017\/02\/IMG_7171-Kopie-624x456.jpg 624w, https:\/\/nordost.altesitte.info\/wp-content\/uploads\/2017\/02\/IMG_7171-Kopie.jpg 1000w\" sizes=\"(max-width: 500px) 100vw, 500px\" \/><p id=\"caption-attachment-403\" class=\"wp-caption-text\">Saatkr\u00e4he<\/p><\/div>\n<p>Ab und an kommen sie zu uns r\u00fcber und stolzieren gem\u00e4chlich auf der Suche nach Futter \u00fcber unser Grundst\u00fcck. Bei den Meisenkn\u00f6deln und unter dem Futterh\u00e4uschen werden sie meist f\u00fcndig, dort liegt allerlei herum. Sie sind willkommen, die schwarz gefiederten Gesellen &#8211; ich mag sie. Durch ihren kahlen Schnabelansatz sind sie leicht erkennbar. Sch\u00f6n ist er ja nicht, aber daf\u00fcr k\u00f6nnen sie ja nichts.<\/p>\n<div id=\"attachment_404\" style=\"width: 510px\" class=\"wp-caption aligncenter\"><img aria-describedby=\"caption-attachment-404\" decoding=\"async\" loading=\"lazy\" class=\"size-medium wp-image-404\" src=\"http:\/\/nordost.altesitte.info\/wp-content\/uploads\/2017\/02\/IMG_7180-Kopie-500x393.jpg\" alt=\"\" width=\"500\" height=\"393\" srcset=\"https:\/\/nordost.altesitte.info\/wp-content\/uploads\/2017\/02\/IMG_7180-Kopie-500x393.jpg 500w, https:\/\/nordost.altesitte.info\/wp-content\/uploads\/2017\/02\/IMG_7180-Kopie-768x603.jpg 768w, https:\/\/nordost.altesitte.info\/wp-content\/uploads\/2017\/02\/IMG_7180-Kopie-624x490.jpg 624w, https:\/\/nordost.altesitte.info\/wp-content\/uploads\/2017\/02\/IMG_7180-Kopie.jpg 800w\" sizes=\"(max-width: 500px) 100vw, 500px\" \/><p id=\"caption-attachment-404\" class=\"wp-caption-text\">Saatkr\u00e4he<\/p><\/div>\n<p>In regelm\u00e4\u00dfigen Abst\u00e4nden \u00fcberfliegen auch Kolkraben unseren Hof. Hugin und Munin. Ich wurde mal gefragt, warum ich mir so sicher bin, da\u00df es Raben sind und wie ich sie zum Beispiel von Rabenkr\u00e4hen unterscheide. Im Grunde lassen sich Kolkraben von Kr\u00e4hen meiner Meinung nach ziemlich gut durch drei Merkmale unterscheiden:<\/p>\n<p><strong>1) Das Flugbild<\/strong><\/p>\n<p>Schwanzgefieder beim Raben keilf\u00f6rmig, bei der Kr\u00e4he halbrund, siehe <a href=\"http:\/\/www.rabenvogelblog.de\/a25-rabe-oder-kraehe.html\" target=\"_blank\">www.rabenvogelblog.de<\/a><\/p>\n<p><strong>2) Der Ruf <\/strong><\/p>\n<p>Beim Raben meist einige kurz hintereinander folgende Laute, tiefer und rauher als bei der Kr\u00e4he. Bei der Kr\u00e4he das typische Krah-krah. Der Ruf unterscheidet sich zwischen beiden v\u00f6llig, selbst zwischen Rabe und Rabenkr\u00e4he.<\/p>\n<ul>\n<li><a href=\"https:\/\/www.youtube.com\/watch?v=-ceLhLHhvS4\" target=\"_blank\">Kolkrabe &#8211; verschiedene Flugrufe (Youtube)<\/a><\/li>\n<li><a href=\"https:\/\/www.youtube.com\/watch?v=xg92vEt4sW0\" target=\"_blank\">Kr\u00e4he ger\u00e4usch (Youtube)<\/a><\/li>\n<li><a href=\"https:\/\/www.youtube.com\/watch?v=k9-wTnqIidY\" target=\"_blank\">What Is the Difference Between a Raven and a Crow (Youtube)<\/a> (besonders ab 4:13 Ruf der Kr\u00e4he &#8211; ab 4:40 Rabe)<\/li>\n<\/ul>\n<p><strong>3) Die Gr\u00f6\u00dfe <\/strong><\/p>\n<p>Raben und Rabenkr\u00e4hen sind auf den ersten Blick schwer auseinanderzuhalten, ja. Aber die viel kleinere Kr\u00e4he, bei uns Saatkr\u00e4he mit dem abgesetzten Schnabel und Nebelkr\u00e4he mit den helleren Gefiederanteilen, ist rein optisch gut von einem Raben zu trennen.<\/p>\n<p>Es gibt Bundesl\u00e4nder, in denen nur sehr wenig Raben gesehen werden. In ganz Norddeutschland sind Raben hingegen keine ausgesprochene Seltenheit. In der Tat ist ihre Population regional sehr unterschiedlich und h\u00e4ufig h\u00f6rt man wirklich\u00a0 &#8222;Guck mal, ein Rabe!&#8220;&#8230; obwohl ganz leicht zu sehen ist, dass es eine Kr\u00e4he ist.<\/p>\n","protected":false},"excerpt":{"rendered":"<p>Man muss eigentlich nicht mal genau hinsehen, um die Saatkr\u00e4he von der nah verwandten Rabenkr\u00e4he zu unterscheiden. Noch deutlicher ist der Unterschied zum Raben. Saatkr\u00e4hen sind kleiner und schlanker und haben ein metallisch gl\u00e4nzendes Gefieder. Besonders im Winter finden sie sich an gemeinsamen Schlafpl\u00e4tzen ein. Hier bei uns im Ort ist das gut zu beobachten. [&hellip;]<\/p>\n","protected":false},"author":1,"featured_media":0,"comment_status":"open","ping_status":"open","sticky":false,"template":"","format":"standard","meta":[],"categories":[1],"tags":[86,85],"_links":{"self":[{"href":"https:\/\/nordost.altesitte.info\/index.php?rest_route=\/wp\/v2\/posts\/400"}],"collection":[{"href":"https:\/\/nordost.altesitte.info\/index.php?rest_route=\/wp\/v2\/posts"}],"about":[{"href":"https:\/\/nordost.altesitte.info\/index.php?rest_route=\/wp\/v2\/types\/post"}],"author":[{"embeddable":true,"href":"https:\/\/nordost.altesitte.info\/index.php?rest_route=\/wp\/v2\/users\/1"}],"replies":[{"embeddable":true,"href":"https:\/\/nordost.altesitte.info\/index.php?rest_route=%2Fwp%2Fv2%2Fcomments&post=400"}],"version-history":[{"count":4,"href":"https:\/\/nordost.altesitte.info\/index.php?rest_route=\/wp\/v2\/posts\/400\/revisions"}],"predecessor-version":[{"id":406,"href":"https:\/\/nordost.altesitte.info\/index.php?rest_route=\/wp\/v2\/posts\/400\/revisions\/406"}],"wp:attachment":[{"href":"https:\/\/nordost.altesitte.info\/index.php?rest_route=%2Fwp%2Fv2%2Fmedia&parent=400"}],"wp:term":[{"taxonomy":"category","embeddable":true,"href":"https:\/\/nordost.altesitte.info\/index.php?rest_route=%2Fwp%2Fv2%2Fcategories&post=400"},{"taxonomy":"post_tag","embeddable":true,"href":"https:\/\/nordost.altesitte.info\/index.php?rest_route=%2Fwp%2Fv2%2Ftags&post=400"}],"curies":[{"name":"wp","href":"https:\/\/api.w.org\/{rel}","templated":true}]}}