{"id":497,"date":"2017-06-20T21:30:54","date_gmt":"2017-06-20T19:30:54","guid":{"rendered":"http:\/\/nordost.altesitte.info\/?p=497"},"modified":"2017-06-20T21:30:54","modified_gmt":"2017-06-20T19:30:54","slug":"sols-nordweg","status":"publish","type":"post","link":"https:\/\/nordost.altesitte.info\/?p=497","title":{"rendered":"S\u00f3ls Nordweg"},"content":{"rendered":"<p>Vorhin unterhielt ich mich mit einem Arbeitskollegen, der etwas dar\u00fcber klagte, zurzeit schlecht schlafen zu k\u00f6nnen, weil es ja gar nicht richtig dunkel wird. Und das hat nat\u00fcrlich auch einen Grund: Morgen ist astronomischer Sommeranfang und ist somit der l\u00e4ngste Tag des Jahres. <!--more--><\/p>\n<p><img decoding=\"async\" loading=\"lazy\" class=\"aligncenter size-medium wp-image-501\" src=\"http:\/\/nordost.altesitte.info\/wp-content\/uploads\/2017\/06\/IMG_7366_neu-377x500.png\" alt=\"\" width=\"377\" height=\"500\" srcset=\"https:\/\/nordost.altesitte.info\/wp-content\/uploads\/2017\/06\/IMG_7366_neu-377x500.png 377w, https:\/\/nordost.altesitte.info\/wp-content\/uploads\/2017\/06\/IMG_7366_neu-624x829.png 624w, https:\/\/nordost.altesitte.info\/wp-content\/uploads\/2017\/06\/IMG_7366_neu.png 753w\" sizes=\"(max-width: 377px) 100vw, 377px\" \/><\/p>\n<p>Bewohner der Nordhalbkugel freuen sich zur Sonnenwende im Juni \u00fcber den Beginn der w\u00e4rmsten und hellsten Jahreszeit (die Nordhalbkugel ist der Sonne zugeneigt). Obwohl es mit den richtig hei\u00dfen Sommertemperaturen \u00a0noch ein paar Wochen dauert. Die Erdoberfl\u00e4che und die Meere brauchen n\u00e4mlich eine Weile, um sich zu erw\u00e4rmen. W\u00fcrden wir uns weiter gen Nord bewegen, also so richtig weit meine ich\u2026 so ungef\u00e4hr bis in den n\u00f6rdlichen Polarkreis, k\u00f6nnten wir morgen den einzigen Tag des Jahres erleben, an dem die Sonne nicht untergeht.<\/p>\n<p>Mythologisch gesehen schwenkt <a href=\"https:\/\/de.wikipedia.org\/wiki\/Sol_(nordische_Mythologie)\" target=\"_blank\" rel=\"noopener noreferrer\">S\u00f3l<\/a> mit ihrem Sonnenwagen ab <a href=\"http:\/\/asentr.eu\/f_fruehjahrsblot.html\" target=\"_blank\" rel=\"noopener noreferrer\">Ostara<\/a> (<a href=\"https:\/\/de.wikipedia.org\/wiki\/%C3%84quinoktium\" target=\"_blank\" rel=\"noopener noreferrer\">\u00c4quinoktium<\/a>) in n\u00f6rdliche Richtung, erweckt dadurch die Vegetation zu neuer Kraft und F\u00fclle, erreicht dann zur Sommersonnenwende ihren Gipfelpunkt und tritt ihren R\u00fcckweg an.<\/p>\n<p>Je weiter wir uns in dieser Zeit der n\u00f6rdlichen Polarregion n\u00e4hern, desto mehr N\u00e4chte mit Mitternachtssonne lassen sich wahrnehmen. In den Gegenden etwa um den 60. Breitengrad ist von den \u201e<a href=\"https:\/\/de.wikipedia.org\/wiki\/Wei%C3%9Fe_N%C3%A4chte\" target=\"_blank\" rel=\"noopener noreferrer\">wei\u00dfen N\u00e4chten<\/a>\u201c die Rede. Zum l\u00e4ngsten Tag des Jahres geht in Norwegen, Schweden, Finnland, dem Baltikum sowie in den weiteren n\u00f6rdlichen Gebieten die Sonne &#8211; wenn \u00fcberhaupt &#8211; \u00a0nur ganz kurz unter und es wird kaum richtig dunkel.<\/p>\n<p>Gefeiert wird aber nicht nur dort, sondern auch bei uns. W\u00e4hrend in den bergigen Regionen flammende Feuerst\u00f6\u00dfe von den H\u00e4ngen leuchten, werden im n\u00f6rdlichen Flachland gro\u00dfe Holzstapel entz\u00fcndet, deren Funken in die helle Nacht steigen \u2013 zum <a href=\"http:\/\/asentr.eu\/f_somm.html\" target=\"_blank\" rel=\"noopener noreferrer\">Fest der Sommersonnenwende<\/a>.<\/p>\n<div style=\"width: 870px\" class=\"wp-caption aligncenter\"><img decoding=\"async\" loading=\"lazy\" class=\"size-medium\" src=\"https:\/\/upload.wikimedia.org\/wikipedia\/commons\/5\/55\/Ivankupala.jpg\" width=\"860\" height=\"476\" \/><p class=\"wp-caption-text\">Henryk Siemiradzki- Vorabend des Kupala<\/p><\/div>\n<p>Es ranken sich auch zahlreiche Mythen um diese hochsymbolische Zeit. Besonders sch\u00f6n finde ich das Motiv der <a href=\"https:\/\/de.wikipedia.org\/wiki\/Farnbl%C3%BCte\" target=\"_blank\" rel=\"noopener noreferrer\">Farnbl\u00fcte<\/a> \u2013 die im Grunde nie jemand wird erblicken k\u00f6nnen. Dennoch ist etwas Wahres bzw. Wirkliches an diesem Motiv. Sobald S\u00f3l ihren Nordweg antritt, der uns das aufbl\u00fchende Leben verhei\u00dft (welch sch\u00f6ner Aspekt eigentlich!), zeigt die Vegetation erste Regungen und erf\u00fcllt die lichte Flur mit sattem Gr\u00fcn. Und dieses Aufbl\u00fchen der Natur l\u00e4\u00dft sich ausgesprochen gut am Wachstum des sommergr\u00fcnen Farns beobachten. Sein chlorophyllreiches Blattwerk entfaltet sich in relativ kurzer Zeit und erreicht seinen prachtvollen H\u00f6hepunkt in genau jener Zeit: Zum Fest des Lichts, des aufbl\u00fchenden Lebens und bevorstehenden Sommers &#8211; der Sommersonnenwende.<\/p>\n<p><img decoding=\"async\" loading=\"lazy\" class=\"aligncenter size-medium wp-image-500\" src=\"http:\/\/nordost.altesitte.info\/wp-content\/uploads\/2017\/06\/IMG_7361_neu-500x443.png\" alt=\"\" width=\"500\" height=\"443\" srcset=\"https:\/\/nordost.altesitte.info\/wp-content\/uploads\/2017\/06\/IMG_7361_neu-500x443.png 500w, https:\/\/nordost.altesitte.info\/wp-content\/uploads\/2017\/06\/IMG_7361_neu-768x680.png 768w, https:\/\/nordost.altesitte.info\/wp-content\/uploads\/2017\/06\/IMG_7361_neu-1024x907.png 1024w, https:\/\/nordost.altesitte.info\/wp-content\/uploads\/2017\/06\/IMG_7361_neu-624x553.png 624w, https:\/\/nordost.altesitte.info\/wp-content\/uploads\/2017\/06\/IMG_7361_neu.png 1129w\" sizes=\"(max-width: 500px) 100vw, 500px\" \/><\/p>\n<p><img decoding=\"async\" loading=\"lazy\" class=\"aligncenter size-medium wp-image-502\" src=\"http:\/\/nordost.altesitte.info\/wp-content\/uploads\/2017\/06\/IMG_7381_neu-366x500.png\" alt=\"\" width=\"366\" height=\"500\" srcset=\"https:\/\/nordost.altesitte.info\/wp-content\/uploads\/2017\/06\/IMG_7381_neu-366x500.png 366w, https:\/\/nordost.altesitte.info\/wp-content\/uploads\/2017\/06\/IMG_7381_neu-624x854.png 624w, https:\/\/nordost.altesitte.info\/wp-content\/uploads\/2017\/06\/IMG_7381_neu.png 731w\" sizes=\"(max-width: 366px) 100vw, 366px\" \/><\/p>\n<p><img decoding=\"async\" loading=\"lazy\" class=\"aligncenter size-medium wp-image-503\" src=\"http:\/\/nordost.altesitte.info\/wp-content\/uploads\/2017\/06\/IMG_7385_neu-370x500.png\" alt=\"\" width=\"370\" height=\"500\" srcset=\"https:\/\/nordost.altesitte.info\/wp-content\/uploads\/2017\/06\/IMG_7385_neu-370x500.png 370w, https:\/\/nordost.altesitte.info\/wp-content\/uploads\/2017\/06\/IMG_7385_neu-624x843.png 624w, https:\/\/nordost.altesitte.info\/wp-content\/uploads\/2017\/06\/IMG_7385_neu.png 740w\" sizes=\"(max-width: 370px) 100vw, 370px\" \/><\/p>\n","protected":false},"excerpt":{"rendered":"<p>Vorhin unterhielt ich mich mit einem Arbeitskollegen, der etwas dar\u00fcber klagte, zurzeit schlecht schlafen zu k\u00f6nnen, weil es ja gar nicht richtig dunkel wird. Und das hat nat\u00fcrlich auch einen Grund: Morgen ist astronomischer Sommeranfang und ist somit der l\u00e4ngste Tag des Jahres.<\/p>\n","protected":false},"author":1,"featured_media":0,"comment_status":"open","ping_status":"open","sticky":false,"template":"","format":"standard","meta":[],"categories":[71,5],"tags":[114,113,112,111],"_links":{"self":[{"href":"https:\/\/nordost.altesitte.info\/index.php?rest_route=\/wp\/v2\/posts\/497"}],"collection":[{"href":"https:\/\/nordost.altesitte.info\/index.php?rest_route=\/wp\/v2\/posts"}],"about":[{"href":"https:\/\/nordost.altesitte.info\/index.php?rest_route=\/wp\/v2\/types\/post"}],"author":[{"embeddable":true,"href":"https:\/\/nordost.altesitte.info\/index.php?rest_route=\/wp\/v2\/users\/1"}],"replies":[{"embeddable":true,"href":"https:\/\/nordost.altesitte.info\/index.php?rest_route=%2Fwp%2Fv2%2Fcomments&post=497"}],"version-history":[{"count":3,"href":"https:\/\/nordost.altesitte.info\/index.php?rest_route=\/wp\/v2\/posts\/497\/revisions"}],"predecessor-version":[{"id":505,"href":"https:\/\/nordost.altesitte.info\/index.php?rest_route=\/wp\/v2\/posts\/497\/revisions\/505"}],"wp:attachment":[{"href":"https:\/\/nordost.altesitte.info\/index.php?rest_route=%2Fwp%2Fv2%2Fmedia&parent=497"}],"wp:term":[{"taxonomy":"category","embeddable":true,"href":"https:\/\/nordost.altesitte.info\/index.php?rest_route=%2Fwp%2Fv2%2Fcategories&post=497"},{"taxonomy":"post_tag","embeddable":true,"href":"https:\/\/nordost.altesitte.info\/index.php?rest_route=%2Fwp%2Fv2%2Ftags&post=497"}],"curies":[{"name":"wp","href":"https:\/\/api.w.org\/{rel}","templated":true}]}}