{"id":593,"date":"2017-09-01T22:06:38","date_gmt":"2017-09-01T20:06:38","guid":{"rendered":"http:\/\/nordost.altesitte.info\/?p=593"},"modified":"2017-09-01T22:06:38","modified_gmt":"2017-09-01T20:06:38","slug":"die-feuerstelle","status":"publish","type":"post","link":"https:\/\/nordost.altesitte.info\/?p=593","title":{"rendered":"Die Feuerstelle"},"content":{"rendered":"<blockquote><p>Ein Gastbeitrag<\/p><\/blockquote>\n<p><img decoding=\"async\" loading=\"lazy\" class=\"aligncenter size-medium wp-image-599\" src=\"http:\/\/nordost.altesitte.info\/wp-content\/uploads\/2017\/09\/085-500x335.png\" alt=\"\" width=\"500\" height=\"335\" srcset=\"https:\/\/nordost.altesitte.info\/wp-content\/uploads\/2017\/09\/085-500x335.png 500w, https:\/\/nordost.altesitte.info\/wp-content\/uploads\/2017\/09\/085-768x515.png 768w, https:\/\/nordost.altesitte.info\/wp-content\/uploads\/2017\/09\/085-1024x686.png 1024w, https:\/\/nordost.altesitte.info\/wp-content\/uploads\/2017\/09\/085-624x418.png 624w, https:\/\/nordost.altesitte.info\/wp-content\/uploads\/2017\/09\/085.png 1200w\" sizes=\"(max-width: 500px) 100vw, 500px\" \/><\/p>\n<p><!--more--><\/p>\n<p>Viele Jahre war kein Platz f\u00fcr eine Feuerstelle in unserem Garten. Sandkasten, Schaukel, ein Reck, eine Blumeninsel, etwas Nutzgarten&#8230;.. zwei mit gro\u00dfer Versp\u00e4tung nacheinander aufwachsende Kinder ben\u00f6tigten ihren Platz\u00a0 &#8211; und das war so gewollt und in Ordnung.<\/p>\n<p>Der Wunsch, endlich einen eigenen Platz zu haben, um meinen G\u00f6ttern begegnen zu k\u00f6nnen ohne daf\u00fcr in den Wald oder auf einen Berg fahren zu m\u00fcssen, war immer da. Dieses Jahr konnte er realisiert werden. Das eine Kind ist 21 und wohnt seit 3 Jahren nicht mehr hier, das andere Kind wird 10 und hatte weder auf Sandkasten, Schaukel oder das Reck Lust.<\/p>\n<p><img decoding=\"async\" loading=\"lazy\" class=\"aligncenter size-medium wp-image-596\" src=\"http:\/\/nordost.altesitte.info\/wp-content\/uploads\/2017\/09\/040-500x378.png\" alt=\"\" width=\"500\" height=\"378\" srcset=\"https:\/\/nordost.altesitte.info\/wp-content\/uploads\/2017\/09\/040-500x378.png 500w, https:\/\/nordost.altesitte.info\/wp-content\/uploads\/2017\/09\/040-768x580.png 768w, https:\/\/nordost.altesitte.info\/wp-content\/uploads\/2017\/09\/040-1024x774.png 1024w, https:\/\/nordost.altesitte.info\/wp-content\/uploads\/2017\/09\/040-624x472.png 624w, https:\/\/nordost.altesitte.info\/wp-content\/uploads\/2017\/09\/040.png 1200w\" sizes=\"(max-width: 500px) 100vw, 500px\" \/><\/p>\n<p>So konnte ich im M\u00e4rz Steine aus einem Steinbruch holen und mit Hilfe eingegrabener Kantsteine zu einer Feuerstelle bzw. zu einem Steinkreis aufschichten. Es gab eine kleine, sehr pers\u00f6nliche Einweihung, bei der ich mit meinem Sohn und meiner Frau zum ersten Mal im eigenen Garten den G\u00f6ttern opfern konnte. Zur Sommersonnenwende gab es ein Familienfest mit Frau, Tochter und Sohn. Mit Gaben aus unserem Garten, mit gegrilltem Essen\u00a0 ( Fleisch, Fisch, Kartoffeln) von der Feuerstelle. Mit Bier und sp\u00e4ter einer langen Nacht, die ich alleine an den Flammen verbrachte.<\/p>\n<p><img decoding=\"async\" loading=\"lazy\" class=\"aligncenter size-medium wp-image-597\" src=\"http:\/\/nordost.altesitte.info\/wp-content\/uploads\/2017\/09\/043-431x500.png\" alt=\"\" width=\"431\" height=\"500\" srcset=\"https:\/\/nordost.altesitte.info\/wp-content\/uploads\/2017\/09\/043-431x500.png 431w, https:\/\/nordost.altesitte.info\/wp-content\/uploads\/2017\/09\/043-768x891.png 768w, https:\/\/nordost.altesitte.info\/wp-content\/uploads\/2017\/09\/043-882x1024.png 882w, https:\/\/nordost.altesitte.info\/wp-content\/uploads\/2017\/09\/043-624x724.png 624w, https:\/\/nordost.altesitte.info\/wp-content\/uploads\/2017\/09\/043.png 1034w\" sizes=\"(max-width: 431px) 100vw, 431px\" \/><\/p>\n<p>Heute wurde die Feuerstelle um einen Steinkreis erweitert, in dem \u00fcber 1200 Muscheln liegen, die wir k\u00fcrzlich von der Nordsee mitgebracht haben. Dies dr\u00fcckt unsere Verbundenheit zum Norden aus, denn wir wohnen zwar am Niederrhein, aber durch unsere Adern flie\u00dft Salzwasser.<\/p>\n<p><img decoding=\"async\" loading=\"lazy\" class=\"aligncenter size-medium wp-image-595\" src=\"http:\/\/nordost.altesitte.info\/wp-content\/uploads\/2017\/09\/003-500x348.png\" alt=\"\" width=\"500\" height=\"348\" srcset=\"https:\/\/nordost.altesitte.info\/wp-content\/uploads\/2017\/09\/003-500x348.png 500w, https:\/\/nordost.altesitte.info\/wp-content\/uploads\/2017\/09\/003-768x535.png 768w, https:\/\/nordost.altesitte.info\/wp-content\/uploads\/2017\/09\/003-1024x713.png 1024w, https:\/\/nordost.altesitte.info\/wp-content\/uploads\/2017\/09\/003-624x435.png 624w, https:\/\/nordost.altesitte.info\/wp-content\/uploads\/2017\/09\/003.png 1200w\" sizes=\"(max-width: 500px) 100vw, 500px\" \/><\/p>\n<p>Morgen Abend wird dieser neue Steinkreis eingeweiht und wir werden Thor f\u00fcr die Reise danken, die wir unbeschadet hinter uns gebracht haben und wir werden unseren nordischen G\u00f6ttern f\u00fcr eine der sch\u00f6nsten Zeiten der letzten Jahre danken.<\/p>\n<p>Es tut gut, eine solche St\u00e4tte nun zu Hause zu haben.<\/p>\n<p><img decoding=\"async\" loading=\"lazy\" class=\"aligncenter size-medium wp-image-598\" src=\"http:\/\/nordost.altesitte.info\/wp-content\/uploads\/2017\/09\/072-500x451.png\" alt=\"\" width=\"500\" height=\"451\" srcset=\"https:\/\/nordost.altesitte.info\/wp-content\/uploads\/2017\/09\/072-500x451.png 500w, https:\/\/nordost.altesitte.info\/wp-content\/uploads\/2017\/09\/072-768x692.png 768w, https:\/\/nordost.altesitte.info\/wp-content\/uploads\/2017\/09\/072-1024x923.png 1024w, https:\/\/nordost.altesitte.info\/wp-content\/uploads\/2017\/09\/072-624x563.png 624w, https:\/\/nordost.altesitte.info\/wp-content\/uploads\/2017\/09\/072.png 1200w\" sizes=\"(max-width: 500px) 100vw, 500px\" \/><\/p>\n<p>&nbsp;<\/p>\n","protected":false},"excerpt":{"rendered":"<p>Ein Gastbeitrag<\/p>\n","protected":false},"author":4,"featured_media":0,"comment_status":"open","ping_status":"open","sticky":false,"template":"","format":"standard","meta":[],"categories":[1,41],"tags":[127,128,129],"_links":{"self":[{"href":"https:\/\/nordost.altesitte.info\/index.php?rest_route=\/wp\/v2\/posts\/593"}],"collection":[{"href":"https:\/\/nordost.altesitte.info\/index.php?rest_route=\/wp\/v2\/posts"}],"about":[{"href":"https:\/\/nordost.altesitte.info\/index.php?rest_route=\/wp\/v2\/types\/post"}],"author":[{"embeddable":true,"href":"https:\/\/nordost.altesitte.info\/index.php?rest_route=\/wp\/v2\/users\/4"}],"replies":[{"embeddable":true,"href":"https:\/\/nordost.altesitte.info\/index.php?rest_route=%2Fwp%2Fv2%2Fcomments&post=593"}],"version-history":[{"count":3,"href":"https:\/\/nordost.altesitte.info\/index.php?rest_route=\/wp\/v2\/posts\/593\/revisions"}],"predecessor-version":[{"id":601,"href":"https:\/\/nordost.altesitte.info\/index.php?rest_route=\/wp\/v2\/posts\/593\/revisions\/601"}],"wp:attachment":[{"href":"https:\/\/nordost.altesitte.info\/index.php?rest_route=%2Fwp%2Fv2%2Fmedia&parent=593"}],"wp:term":[{"taxonomy":"category","embeddable":true,"href":"https:\/\/nordost.altesitte.info\/index.php?rest_route=%2Fwp%2Fv2%2Fcategories&post=593"},{"taxonomy":"post_tag","embeddable":true,"href":"https:\/\/nordost.altesitte.info\/index.php?rest_route=%2Fwp%2Fv2%2Ftags&post=593"}],"curies":[{"name":"wp","href":"https:\/\/api.w.org\/{rel}","templated":true}]}}