{"id":669,"date":"2017-12-20T21:23:56","date_gmt":"2017-12-20T20:23:56","guid":{"rendered":"http:\/\/nordost.altesitte.info\/?p=669"},"modified":"2017-12-20T21:23:56","modified_gmt":"2017-12-20T20:23:56","slug":"wenn-das-julfeuer-lodert","status":"publish","type":"post","link":"https:\/\/nordost.altesitte.info\/?p=669","title":{"rendered":"Wenn das Julfeuer lodert&#8230;"},"content":{"rendered":"<p>Letztes Wochenende stand Holzhacken auf meiner Tagesordnung. Nun liegt das Holz f\u00fcr&#8217;s Julfeuer bereit.<\/p>\n<p><!--more--><\/p>\n<div id=\"attachment_668\" style=\"width: 372px\" class=\"wp-caption aligncenter\"><img aria-describedby=\"caption-attachment-668\" decoding=\"async\" loading=\"lazy\" class=\"size-medium wp-image-668\" src=\"http:\/\/nordost.altesitte.info\/wp-content\/uploads\/2017\/12\/SNV81080-Kopie-Kopie-362x500.jpg\" alt=\"\" width=\"362\" height=\"500\" srcset=\"https:\/\/nordost.altesitte.info\/wp-content\/uploads\/2017\/12\/SNV81080-Kopie-Kopie-362x500.jpg 362w, https:\/\/nordost.altesitte.info\/wp-content\/uploads\/2017\/12\/SNV81080-Kopie-Kopie-768x1062.jpg 768w, https:\/\/nordost.altesitte.info\/wp-content\/uploads\/2017\/12\/SNV81080-Kopie-Kopie-741x1024.jpg 741w, https:\/\/nordost.altesitte.info\/wp-content\/uploads\/2017\/12\/SNV81080-Kopie-Kopie-624x863.jpg 624w, https:\/\/nordost.altesitte.info\/wp-content\/uploads\/2017\/12\/SNV81080-Kopie-Kopie.jpg 800w\" sizes=\"(max-width: 362px) 100vw, 362px\" \/><p id=\"caption-attachment-668\" class=\"wp-caption-text\">Holz f\u00fcr&#8217;s Julfeuer<\/p><\/div>\n<p>Am Abend werden dann alle Lichter im Haus gel\u00f6scht und es geht nach drau\u00dfen. Am H\u00f6rgr wird dann im Rahmen des <a href=\"http:\/\/asentr.eu\/f_jul.html\" target=\"_blank\" rel=\"noopener\">Julbl\u00f3ts<\/a> das neue Licht des Jahres zur\u00a0Wintersonnenwende entz\u00fcndet.<\/p>\n<div style=\"width: 360px\" class=\"wp-caption aligncenter\"><img decoding=\"async\" loading=\"lazy\" class=\"size-medium\" src=\"http:\/\/asentr.eu\/images\/jul\/julfest1.jpg\" width=\"350\" height=\"274\" \/><p class=\"wp-caption-text\">Das Fest der Wintersonnenwende<\/p><\/div>\n","protected":false},"excerpt":{"rendered":"<p>Letztes Wochenende stand Holzhacken auf meiner Tagesordnung. Nun liegt das Holz f\u00fcr&#8217;s Julfeuer bereit.<\/p>\n","protected":false},"author":1,"featured_media":0,"comment_status":"open","ping_status":"open","sticky":false,"template":"","format":"standard","meta":[],"categories":[6,71,55,72,7,45],"tags":[70,69],"_links":{"self":[{"href":"https:\/\/nordost.altesitte.info\/index.php?rest_route=\/wp\/v2\/posts\/669"}],"collection":[{"href":"https:\/\/nordost.altesitte.info\/index.php?rest_route=\/wp\/v2\/posts"}],"about":[{"href":"https:\/\/nordost.altesitte.info\/index.php?rest_route=\/wp\/v2\/types\/post"}],"author":[{"embeddable":true,"href":"https:\/\/nordost.altesitte.info\/index.php?rest_route=\/wp\/v2\/users\/1"}],"replies":[{"embeddable":true,"href":"https:\/\/nordost.altesitte.info\/index.php?rest_route=%2Fwp%2Fv2%2Fcomments&post=669"}],"version-history":[{"count":1,"href":"https:\/\/nordost.altesitte.info\/index.php?rest_route=\/wp\/v2\/posts\/669\/revisions"}],"predecessor-version":[{"id":670,"href":"https:\/\/nordost.altesitte.info\/index.php?rest_route=\/wp\/v2\/posts\/669\/revisions\/670"}],"wp:attachment":[{"href":"https:\/\/nordost.altesitte.info\/index.php?rest_route=%2Fwp%2Fv2%2Fmedia&parent=669"}],"wp:term":[{"taxonomy":"category","embeddable":true,"href":"https:\/\/nordost.altesitte.info\/index.php?rest_route=%2Fwp%2Fv2%2Fcategories&post=669"},{"taxonomy":"post_tag","embeddable":true,"href":"https:\/\/nordost.altesitte.info\/index.php?rest_route=%2Fwp%2Fv2%2Ftags&post=669"}],"curies":[{"name":"wp","href":"https:\/\/api.w.org\/{rel}","templated":true}]}}