{"id":745,"date":"2018-02-20T21:40:15","date_gmt":"2018-02-20T20:40:15","guid":{"rendered":"http:\/\/nordost.altesitte.info\/?p=745"},"modified":"2018-02-20T22:40:39","modified_gmt":"2018-02-20T21:40:39","slug":"eine-winterwanderung-zwischen-den-tagen","status":"publish","type":"post","link":"https:\/\/nordost.altesitte.info\/?p=745","title":{"rendered":"Eine Winterwanderung zwischen den Tagen"},"content":{"rendered":"<blockquote><p>Ein Gastbeitrag<\/p><\/blockquote>\n<p>Zwischen den Tagen habe ich bei eisiger K\u00e4lte eine ausgiebige Winterwanderung gemacht. Eine Zeit, in der das Licht langsam wieder erstarkt und die Dunkelheit beginnt, zu weichen. Eine Zeit, sich frohen Mutes auf den neuen Jahreskreis zu freuen. Mein Julbl\u00f3t habe ich wieder im Morgengrauen des Eibenwaldes abgehalten und so die sch\u00f6ne ruhige Stille eingel\u00e4utet.<\/p>\n<p><img decoding=\"async\" loading=\"lazy\" class=\"aligncenter size-medium wp-image-735\" src=\"http:\/\/nordost.altesitte.info\/wp-content\/uploads\/2018\/01\/IMAG0646kl-375x500.jpg\" alt=\"\" width=\"375\" height=\"500\" srcset=\"https:\/\/nordost.altesitte.info\/wp-content\/uploads\/2018\/01\/IMAG0646kl-375x500.jpg 375w, https:\/\/nordost.altesitte.info\/wp-content\/uploads\/2018\/01\/IMAG0646kl-768x1024.jpg 768w, https:\/\/nordost.altesitte.info\/wp-content\/uploads\/2018\/01\/IMAG0646kl-624x832.jpg 624w, https:\/\/nordost.altesitte.info\/wp-content\/uploads\/2018\/01\/IMAG0646kl.jpg 800w\" sizes=\"(max-width: 375px) 100vw, 375px\" \/><\/p>\n<p><!--more--><\/p>\n<p>Hier &#8211; wo mich meine Winterwanderung entlangf\u00fchrt &#8211; wird die Isar durch einen Auwald zerrissen und bildet ein unwahrscheinlich sch\u00f6nes Gel\u00e4nde, das durchzogen wird von wilden Kiefernw\u00e4ldern. Eine Besonderheit dieser tollen Region liegt in der Wiedererstehung eines Urwaldes. Die Gegend wird nicht beforstet und sich selbst \u00fcberlassen.<\/p>\n<p><img decoding=\"async\" loading=\"lazy\" class=\"aligncenter size-medium wp-image-734\" src=\"http:\/\/nordost.altesitte.info\/wp-content\/uploads\/2018\/01\/IMAG0610kl-375x500.jpg\" alt=\"\" width=\"375\" height=\"500\" srcset=\"https:\/\/nordost.altesitte.info\/wp-content\/uploads\/2018\/01\/IMAG0610kl-375x500.jpg 375w, https:\/\/nordost.altesitte.info\/wp-content\/uploads\/2018\/01\/IMAG0610kl-768x1024.jpg 768w, https:\/\/nordost.altesitte.info\/wp-content\/uploads\/2018\/01\/IMAG0610kl-624x832.jpg 624w, https:\/\/nordost.altesitte.info\/wp-content\/uploads\/2018\/01\/IMAG0610kl.jpg 800w\" sizes=\"(max-width: 375px) 100vw, 375px\" \/><\/p>\n<p>An solchen Orten empfinde ich immer eine ganz besondere Stille. Man kann das Wirken der G\u00f6tter sehr unmittelbar wahrnehmen, finde ich. Wie sie in unserer Welt wirken und wir ihre Verbundenheit mit ihr sehen k\u00f6nnen ist etwas ganz spannendes f\u00fcr mich.<br \/>\nDie Auen haben mich an diesem Wintertag sehr an Skadi erinnert. Wie sich die beiden Welten der verschneiten Winterlandschaft und des seichten Wassers miteinander umgeben und doch nur nebeneinander existieren, war sehr inspirierend f\u00fcr mich.<\/p>\n<p><img decoding=\"async\" loading=\"lazy\" class=\"aligncenter size-medium wp-image-730\" src=\"http:\/\/nordost.altesitte.info\/wp-content\/uploads\/2018\/01\/IMAG0593kl-375x500.jpg\" alt=\"\" width=\"375\" height=\"500\" srcset=\"https:\/\/nordost.altesitte.info\/wp-content\/uploads\/2018\/01\/IMAG0593kl-375x500.jpg 375w, https:\/\/nordost.altesitte.info\/wp-content\/uploads\/2018\/01\/IMAG0593kl-768x1024.jpg 768w, https:\/\/nordost.altesitte.info\/wp-content\/uploads\/2018\/01\/IMAG0593kl-624x832.jpg 624w, https:\/\/nordost.altesitte.info\/wp-content\/uploads\/2018\/01\/IMAG0593kl.jpg 800w\" sizes=\"(max-width: 375px) 100vw, 375px\" \/><\/p>\n<p>Beeindruckt von der Stimmung, dem Ort und den G\u00f6ttern und ihrer Anwesenheit, habe ich mich entschlossen ein Ritual am Flussufer abzuhalten. Nach einem tollen Tag habe ich mich auf den Heimweg gemacht, war ich sehr zufrieden und geerdet.<\/p>\n<div id=\"metaslider-id-736\" style=\"max-width: 500px; margin: 0 auto;\" class=\"ml-slider-3-108-0 metaslider metaslider-flex metaslider-736 ml-slider has-dots-nav ms-theme-default\" role=\"region\" aria-label=\"Winterwanderung\" data-height=\"670\" data-width=\"500\">\n    <div id=\"metaslider_container_736\">\n        <div id=\"metaslider_736\">\n            <ul class='slides'>\n                <li style=\"display: block; width: 100%;\" class=\"slide-737 ms-image \" aria-roledescription=\"slide\" data-date=\"2018-01-17 10:46:57\" data-filename=\"IMAG0646kl-500x670.jpg\" data-slide-type=\"image\"><img src=\"https:\/\/nordost.altesitte.info\/wp-content\/uploads\/2018\/01\/IMAG0646kl-500x670.jpg\" height=\"670\" width=\"500\" alt=\"\" class=\"slider-736 slide-737 msDefaultImage\" \/><\/li>\n                <li style=\"display: none; width: 100%;\" class=\"slide-738 ms-image \" aria-roledescription=\"slide\" data-date=\"2018-01-17 10:46:57\" data-filename=\"IMAG0610kl-500x670.jpg\" data-slide-type=\"image\"><img src=\"https:\/\/nordost.altesitte.info\/wp-content\/uploads\/2018\/01\/IMAG0610kl-500x670.jpg\" height=\"670\" width=\"500\" alt=\"\" class=\"slider-736 slide-738 msDefaultImage\" \/><\/li>\n                <li style=\"display: none; width: 100%;\" class=\"slide-739 ms-image \" aria-roledescription=\"slide\" data-date=\"2018-01-17 10:46:58\" data-filename=\"IMAG0608kl-500x670.jpg\" data-slide-type=\"image\"><img src=\"https:\/\/nordost.altesitte.info\/wp-content\/uploads\/2018\/01\/IMAG0608kl-500x670.jpg\" height=\"670\" width=\"500\" alt=\"\" class=\"slider-736 slide-739 msDefaultImage\" \/><\/li>\n                <li style=\"display: none; width: 100%;\" class=\"slide-740 ms-image \" aria-roledescription=\"slide\" data-date=\"2018-01-17 10:46:58\" data-filename=\"IMAG0603kl-500x670.jpg\" data-slide-type=\"image\"><img src=\"https:\/\/nordost.altesitte.info\/wp-content\/uploads\/2018\/01\/IMAG0603kl-500x670.jpg\" height=\"670\" width=\"500\" alt=\"\" class=\"slider-736 slide-740 msDefaultImage\" \/><\/li>\n                <li style=\"display: none; width: 100%;\" class=\"slide-741 ms-image \" aria-roledescription=\"slide\" data-date=\"2018-01-17 10:46:58\" data-filename=\"IMAG0596kl-500x670.jpg\" data-slide-type=\"image\"><img src=\"https:\/\/nordost.altesitte.info\/wp-content\/uploads\/2018\/01\/IMAG0596kl-500x670.jpg\" height=\"670\" width=\"500\" alt=\"\" class=\"slider-736 slide-741 msDefaultImage\" \/><\/li>\n                <li style=\"display: none; width: 100%;\" class=\"slide-742 ms-image \" aria-roledescription=\"slide\" data-date=\"2018-01-17 10:46:58\" data-filename=\"IMAG0593kl-500x670.jpg\" data-slide-type=\"image\"><img src=\"https:\/\/nordost.altesitte.info\/wp-content\/uploads\/2018\/01\/IMAG0593kl-500x670.jpg\" height=\"670\" width=\"500\" alt=\"\" class=\"slider-736 slide-742 msDefaultImage\" \/><\/li>\n                <li style=\"display: none; width: 100%;\" class=\"slide-743 ms-image \" aria-roledescription=\"slide\" data-date=\"2018-01-17 10:46:58\" data-filename=\"IMAG0577kl-500x670.jpg\" data-slide-type=\"image\"><img src=\"https:\/\/nordost.altesitte.info\/wp-content\/uploads\/2018\/01\/IMAG0577kl-500x670.jpg\" height=\"670\" width=\"500\" alt=\"\" class=\"slider-736 slide-743 msDefaultImage\" \/><\/li>\n                <li style=\"display: none; width: 100%;\" class=\"slide-744 ms-image \" aria-roledescription=\"slide\" data-date=\"2018-01-17 10:46:58\" data-filename=\"IMAG0569kl-500x670.jpg\" data-slide-type=\"image\"><img src=\"https:\/\/nordost.altesitte.info\/wp-content\/uploads\/2018\/01\/IMAG0569kl-500x670.jpg\" height=\"670\" width=\"500\" alt=\"\" class=\"slider-736 slide-744 msDefaultImage\" \/><div class=\"caption-wrap\"><div class=\"caption\">Winterwanderung<\/div><\/div><\/li>\n            <\/ul>\n        <\/div>\n        \n    <\/div>\n<\/div>\n","protected":false},"excerpt":{"rendered":"<p>Ein Gastbeitrag Zwischen den Tagen habe ich bei eisiger K\u00e4lte eine ausgiebige Winterwanderung gemacht. Eine Zeit, in der das Licht langsam wieder erstarkt und die Dunkelheit beginnt, zu weichen. Eine Zeit, sich frohen Mutes auf den neuen Jahreskreis zu freuen. Mein Julbl\u00f3t habe ich wieder im Morgengrauen des Eibenwaldes abgehalten und so die sch\u00f6ne ruhige [&hellip;]<\/p>\n","protected":false},"author":2,"featured_media":0,"comment_status":"open","ping_status":"open","sticky":false,"template":"","format":"standard","meta":[],"categories":[41,71,45],"tags":[147,69],"_links":{"self":[{"href":"https:\/\/nordost.altesitte.info\/index.php?rest_route=\/wp\/v2\/posts\/745"}],"collection":[{"href":"https:\/\/nordost.altesitte.info\/index.php?rest_route=\/wp\/v2\/posts"}],"about":[{"href":"https:\/\/nordost.altesitte.info\/index.php?rest_route=\/wp\/v2\/types\/post"}],"author":[{"embeddable":true,"href":"https:\/\/nordost.altesitte.info\/index.php?rest_route=\/wp\/v2\/users\/2"}],"replies":[{"embeddable":true,"href":"https:\/\/nordost.altesitte.info\/index.php?rest_route=%2Fwp%2Fv2%2Fcomments&post=745"}],"version-history":[{"count":2,"href":"https:\/\/nordost.altesitte.info\/index.php?rest_route=\/wp\/v2\/posts\/745\/revisions"}],"predecessor-version":[{"id":747,"href":"https:\/\/nordost.altesitte.info\/index.php?rest_route=\/wp\/v2\/posts\/745\/revisions\/747"}],"wp:attachment":[{"href":"https:\/\/nordost.altesitte.info\/index.php?rest_route=%2Fwp%2Fv2%2Fmedia&parent=745"}],"wp:term":[{"taxonomy":"category","embeddable":true,"href":"https:\/\/nordost.altesitte.info\/index.php?rest_route=%2Fwp%2Fv2%2Fcategories&post=745"},{"taxonomy":"post_tag","embeddable":true,"href":"https:\/\/nordost.altesitte.info\/index.php?rest_route=%2Fwp%2Fv2%2Ftags&post=745"}],"curies":[{"name":"wp","href":"https:\/\/api.w.org\/{rel}","templated":true}]}}