{"id":788,"date":"2018-02-01T19:30:17","date_gmt":"2018-02-01T18:30:17","guid":{"rendered":"http:\/\/nordost.altesitte.info\/?p=788"},"modified":"2018-02-02T14:30:28","modified_gmt":"2018-02-02T13:30:28","slug":"das-fliessende-jahresschema","status":"publish","type":"post","link":"https:\/\/nordost.altesitte.info\/?p=788","title":{"rendered":"Das flie\u00dfende Jahresschema"},"content":{"rendered":"<p>Mein Verst\u00e4ndnis vom Jahreskreis orientiert sich weniger an der absoluten Festlegung gewisser Fixpunkte, wie dies die <a href=\"http:\/\/nordost.altesitte.info\/?page_id=751\">Liste der Jahreskreisfeste<\/a> vermuten lassen k\u00f6nnte. Vielmehr sehe ich diese Festzeitpunkte als Ankerpunkte innerhalb der Jahresabschnitte. Die Grafik soll das etwas verdeutlichen. Damit m\u00f6chte ich sagen, da\u00df ich zum Beispiel das Disenbl\u00f3t nicht zwingend genau an dem oben genannten Termin abhalten mu\u00df, wenn es drau\u00dfen stark st\u00fcrmt und ohne Ende regnet. Manche machen das vielleicht, weil sie drauf beharren \u2013 bitte, unbenommen \u2013 das kann man gern so halten. Ich sehe das aber anders. Meinem Verst\u00e4ndnis nach beginnt ein flie\u00dfender Zeitraum, der dann in den n\u00e4chsten \u00fcbergeht. Die Zeit nach Jul, dem noch winterkalten Fr\u00fchjahr und Ostara ist ein gutes Beispiel. Die Julzeit geht mit Ende der Rauhn\u00e4chte ja nicht schlagartig in den Fr\u00fchling \u00fcber. Dazwischen liegt die Festzeit der Disen (D\u00edsir). Nat\u00fcrlich kann man einen Festzeitpunkt f\u00fcr sein Bl\u00f3t planen, denn es hei\u00dft ja nicht, da\u00df all dies v\u00f6llig ungeplant vonstatten geht. Wenn der Zeitpunkt zum Vollmond jedoch nicht g\u00fcnstig erscheint, so ist damit die Zeit der Disen nicht vor\u00fcber\u2026 sondern hat erst begonnen, bis sie flie\u00dfend in den Fr\u00fchling (Ostara) \u00fcbergeht. Ich hoffe, da\u00df die Grafik dies halbwegs klar werden l\u00e4sst.<\/p>\n<p><img decoding=\"async\" loading=\"lazy\" class=\"aligncenter size-medium wp-image-784\" src=\"http:\/\/nordost.altesitte.info\/wp-content\/uploads\/2018\/02\/jahreskr-schema-500x377.png\" sizes=\"(max-width: 500px) 100vw, 500px\" srcset=\"http:\/\/nordost.altesitte.info\/wp-content\/uploads\/2018\/02\/jahreskr-schema-500x377.png 500w, http:\/\/nordost.altesitte.info\/wp-content\/uploads\/2018\/02\/jahreskr-schema-624x471.png 624w, http:\/\/nordost.altesitte.info\/wp-content\/uploads\/2018\/02\/jahreskr-schema.png 671w\" alt=\"\" width=\"500\" height=\"377\" \/><\/p>\n","protected":false},"excerpt":{"rendered":"<p>Mein Verst\u00e4ndnis vom Jahreskreis orientiert sich weniger an der absoluten Festlegung gewisser Fixpunkte, wie dies die Liste der Jahreskreisfeste vermuten lassen k\u00f6nnte. Vielmehr sehe ich diese Festzeitpunkte als Ankerpunkte innerhalb der Jahresabschnitte. Die Grafik soll das etwas verdeutlichen. Damit m\u00f6chte ich sagen, da\u00df ich zum Beispiel das Disenbl\u00f3t nicht zwingend genau an dem oben genannten [&hellip;]<\/p>\n","protected":false},"author":1,"featured_media":0,"comment_status":"open","ping_status":"open","sticky":false,"template":"","format":"standard","meta":[],"categories":[1,82,37,71,55,5,89],"tags":[17,84,149],"_links":{"self":[{"href":"https:\/\/nordost.altesitte.info\/index.php?rest_route=\/wp\/v2\/posts\/788"}],"collection":[{"href":"https:\/\/nordost.altesitte.info\/index.php?rest_route=\/wp\/v2\/posts"}],"about":[{"href":"https:\/\/nordost.altesitte.info\/index.php?rest_route=\/wp\/v2\/types\/post"}],"author":[{"embeddable":true,"href":"https:\/\/nordost.altesitte.info\/index.php?rest_route=\/wp\/v2\/users\/1"}],"replies":[{"embeddable":true,"href":"https:\/\/nordost.altesitte.info\/index.php?rest_route=%2Fwp%2Fv2%2Fcomments&post=788"}],"version-history":[{"count":1,"href":"https:\/\/nordost.altesitte.info\/index.php?rest_route=\/wp\/v2\/posts\/788\/revisions"}],"predecessor-version":[{"id":789,"href":"https:\/\/nordost.altesitte.info\/index.php?rest_route=\/wp\/v2\/posts\/788\/revisions\/789"}],"wp:attachment":[{"href":"https:\/\/nordost.altesitte.info\/index.php?rest_route=%2Fwp%2Fv2%2Fmedia&parent=788"}],"wp:term":[{"taxonomy":"category","embeddable":true,"href":"https:\/\/nordost.altesitte.info\/index.php?rest_route=%2Fwp%2Fv2%2Fcategories&post=788"},{"taxonomy":"post_tag","embeddable":true,"href":"https:\/\/nordost.altesitte.info\/index.php?rest_route=%2Fwp%2Fv2%2Ftags&post=788"}],"curies":[{"name":"wp","href":"https:\/\/api.w.org\/{rel}","templated":true}]}}