{"id":977,"date":"2018-08-27T22:36:47","date_gmt":"2018-08-27T20:36:47","guid":{"rendered":"http:\/\/nordost.altesitte.info\/?p=977"},"modified":"2018-08-28T08:33:34","modified_gmt":"2018-08-28T06:33:34","slug":"zwei-neue-buecher","status":"publish","type":"post","link":"https:\/\/nordost.altesitte.info\/?p=977","title":{"rendered":"Zwei neue B\u00fccher"},"content":{"rendered":"<p>Zwei Bucheing\u00e4nge liegen vor mir auf dem Schreibtisch und versprechen ein interessantes Befassen.<!--more--><\/p>\n<p>Beim ersten der beiden handelt es sich um die\u00a0<em><strong>Die J\u00fcngere Edda &#8211; Altnordisch und deutsch<\/strong><\/em> von G\u00e9za \u00c1rp\u00e1d v. Nahodyl Nem\u00e9nyi und erfreut das geneigte Auge\u00a0mit einer \u00e4sthetisch ansprechenden Buchgestaltung ganz im Stile der alten 1943er Edelausgaben vom\u00a0Askanischen Verlag. Im Innern geht&#8217;s dann auch gleich mit Frakturschrift weiter (zumindest die deutsche Textfassung, die altnordischen dagegen in einer normalen serifenbetonten, nicht gebrochenen\u00a0 Schriftart) &#8211; ein Wohl f\u00fcr all jene, die dieser sch\u00f6nen alten Frakturschrift einiges abgewinnen k\u00f6nnen (wie ich). Ein Wehe jedoch all denen, die dem Schriftbild wenig vertraut sind und sich in ihrem fl\u00fcssigen Lesevergn\u00fcgen gest\u00f6rt f\u00fchlen. Da hilft nur \u00fcben, \u00fcben, \u00fcben&#8230; \ud83d\ude09 . Zum eigentlichen Inhalt und der G\u00fcte m\u00f6chte (und kann) ich an dieser Stelle noch gar nichts sagen. Das werde ich etwas sp\u00e4ter in einer Rezension auf Asentr.eu behandeln. \u00dcbrigens gibt es auch noch eine weitere Ausgabe\u00a0mit den G\u00f6tterliedern der \u00c4lteren Edda, gestalterisch im gleichen Stil. Sicher ein edler Anblick im B\u00fccherregal, wenn beide nebeneinander stehen. Nur schade, da\u00df es sich um die klassischen BoD-Taschenb\u00fccher handelt, die qualitativ nicht das feinste Handwerkzeug darstellen. Diese beiden Ausgaben in einer sch\u00f6nen\u00a0Halbleinen-Festeinbindung w\u00e4re gleich eine ganz andere Liga.<\/p>\n<p><img decoding=\"async\" loading=\"lazy\" class=\"aligncenter size-medium wp-image-975\" src=\"http:\/\/nordost.altesitte.info\/wp-content\/uploads\/2018\/08\/IMG_9927-Kopie-500x361.jpg\" alt=\"\" width=\"500\" height=\"361\" srcset=\"https:\/\/nordost.altesitte.info\/wp-content\/uploads\/2018\/08\/IMG_9927-Kopie-500x361.jpg 500w, https:\/\/nordost.altesitte.info\/wp-content\/uploads\/2018\/08\/IMG_9927-Kopie-768x555.jpg 768w, https:\/\/nordost.altesitte.info\/wp-content\/uploads\/2018\/08\/IMG_9927-Kopie-1024x740.jpg 1024w, https:\/\/nordost.altesitte.info\/wp-content\/uploads\/2018\/08\/IMG_9927-Kopie-624x451.jpg 624w, https:\/\/nordost.altesitte.info\/wp-content\/uploads\/2018\/08\/IMG_9927-Kopie.jpg 1107w\" sizes=\"(max-width: 500px) 100vw, 500px\" \/><\/p>\n<p>Beim zweiten Buch l\u00e4\u00dft der Titel schon erahnen, da\u00df es sich weniger um schm\u00f6kerhafte\u00a0Bettlekt\u00fcre handelt (was bei der Edda ja auch nicht der Fall ist, nicht falsch verstehen). Um so mehr deutet der Titel etwas an, das uns alle betrifft: Die\u00a0Geschicke des Menschen, sein Schicksal &#8211; <a href=\"https:\/\/de.wikipedia.org\/wiki\/Wurd\" target=\"_blank\" rel=\"noopener\">Wyrd<\/a>. Warum mich aktuell gerade dieses Thema fesselt wie kein anderes, darauf werde ich sp\u00e4ter noch einmal zur\u00fcckkommen. Nur soviel: Ein Schicksalsnetz, ein Werk aus vielen Knoten und Verbindungen, das irgendwo jeder kreuzt und doch seine eigenen Wege geht&#8230; ist das nicht ein spannender Gedanke?<\/p>\n<p>Ein kurzer Blick in den Klappentext:<\/p>\n<blockquote><p>Die Arbeit versucht, eine der wesentlichsten Komponenten unseres heutigen, noch immer romantisch gef\u00e4rbten Germanenbildes kritisch zu \u00fcberpr\u00fcfen: die These vom \u201egermanischen Schicksalsglauben\u201c. Als deren sicherste St\u00fctze gilt das altenglische Wort \u201awyrd\u2018, aus dessen h\u00e4ufigem Auftreten man unter Einbeziehung der bei weitem selteneren Entsprechungen anord. \u201aurdr\u2018, as\u00e4chs. \u201awurd\u2018, ahd. \u201awurt\u2018 einen gemeingermanischen Glauben an die Schicksalsmacht \u201aWurd\u2018 erschlie\u00dft. \u00dcbersehen wird dabei die Paradoxie, da\u00df sich mit \u201awyrd\u2018 der germanische Fatalismus gerade in der altenglischen \u00dcberlieferung am besten erhalten h\u00e4tte, in der Literatur also, die seit Anbeginn vom christlich-mittelalterlichen Weltbild durchdrungen ist. Bei dieser Paradoxie setzt die Arbeit an.<\/p><\/blockquote>\n<p>&nbsp;<\/p>\n","protected":false},"excerpt":{"rendered":"<p>Zwei Bucheing\u00e4nge liegen vor mir auf dem Schreibtisch und versprechen ein interessantes Befassen.<\/p>\n","protected":false},"author":1,"featured_media":0,"comment_status":"open","ping_status":"open","sticky":false,"template":"","format":"standard","meta":[],"categories":[49],"tags":[174,175,177,176],"_links":{"self":[{"href":"https:\/\/nordost.altesitte.info\/index.php?rest_route=\/wp\/v2\/posts\/977"}],"collection":[{"href":"https:\/\/nordost.altesitte.info\/index.php?rest_route=\/wp\/v2\/posts"}],"about":[{"href":"https:\/\/nordost.altesitte.info\/index.php?rest_route=\/wp\/v2\/types\/post"}],"author":[{"embeddable":true,"href":"https:\/\/nordost.altesitte.info\/index.php?rest_route=\/wp\/v2\/users\/1"}],"replies":[{"embeddable":true,"href":"https:\/\/nordost.altesitte.info\/index.php?rest_route=%2Fwp%2Fv2%2Fcomments&post=977"}],"version-history":[{"count":9,"href":"https:\/\/nordost.altesitte.info\/index.php?rest_route=\/wp\/v2\/posts\/977\/revisions"}],"predecessor-version":[{"id":986,"href":"https:\/\/nordost.altesitte.info\/index.php?rest_route=\/wp\/v2\/posts\/977\/revisions\/986"}],"wp:attachment":[{"href":"https:\/\/nordost.altesitte.info\/index.php?rest_route=%2Fwp%2Fv2%2Fmedia&parent=977"}],"wp:term":[{"taxonomy":"category","embeddable":true,"href":"https:\/\/nordost.altesitte.info\/index.php?rest_route=%2Fwp%2Fv2%2Fcategories&post=977"},{"taxonomy":"post_tag","embeddable":true,"href":"https:\/\/nordost.altesitte.info\/index.php?rest_route=%2Fwp%2Fv2%2Ftags&post=977"}],"curies":[{"name":"wp","href":"https:\/\/api.w.org\/{rel}","templated":true}]}}